{"id":6466,"date":"2025-01-26T13:23:41","date_gmt":"2025-01-26T13:23:41","guid":{"rendered":"https:\/\/haberbesiktas.tr\/?p=6466"},"modified":"2025-01-26T13:23:41","modified_gmt":"2025-01-26T13:23:41","slug":"trabzonspora-onyemaechiden-kotu-haber","status":"publish","type":"post","link":"https:\/\/haberbesiktas.tr\/?p=6466","title":{"rendered":"Trabzonspor&#8217;a Onyemaechi&#8217;den k\u00f6t\u00fc haber!"},"content":{"rendered":"<div>Trabzonspor&#8217;da sol bek transferinde Eren Elmal\u0131&#8217;n\u0131n sat\u0131\u015f\u0131na nazaran birinci gaye; Bruno Onyemaechi olmu\u015ftu.<\/p>\n<p> Bordo-Mavililer hem oyuncu hem de kul\u00fcp taraf\u0131yla g\u00f6r\u00fc\u015ft\u00fc, k\u0131ymetli uzakl\u0131k de katetti. Lakin Eren&#8217;in Galatasaray&#8217;a transfer s\u00fcrecinde ya\u015fanan p\u00fcr\u00fczler nedeniyle badire ya\u015fan\u0131yor.<\/p>\n<p> Taraflar 3.5 milyon Euro&#8217;ya anla\u015fsa da \u00f6deme plan\u0131 konusunda el s\u0131k\u0131\u015f\u0131lmad\u0131. Onyemaechi&#8217;yi Yunanistan tak\u0131mlar\u0131ndan Olympiakos da \u00f6nemli halde isterken, Boavista ile Olympiakos muahedeye \u00e7ok yak\u0131n. Konu\u015fulan say\u0131 ise 2.5 milyon Euro.<\/p>\n<\/div>\n","protected":false},"excerpt":{"rendered":"<p>Trabzonspor&#8217;un Boavista&#8217;dan tak\u0131m\u0131na katmak istedi\u011fi Bruno Onyemaechi transferinde sorun ya\u015fan\u0131yor.<\/p>\n","protected":false},"author":1,"featured_media":6467,"comment_status":"open","ping_status":"open","sticky":false,"template":"","format":"standard","meta":{"footnotes":""},"categories":[25],"tags":[],"class_list":["post-6466","post","type-post","status-publish","format-standard","has-post-thumbnail","hentry","category-futbol"],"_links":{"self":[{"href":"https:\/\/haberbesiktas.tr\/index.php?rest_route=\/wp\/v2\/posts\/6466","targetHints":{"allow":["GET"]}}],"collection":[{"href":"https:\/\/haberbesiktas.tr\/index.php?rest_route=\/wp\/v2\/posts"}],"about":[{"href":"https:\/\/haberbesiktas.tr\/index.php?rest_route=\/wp\/v2\/types\/post"}],"author":[{"embeddable":true,"href":"https:\/\/haberbesiktas.tr\/index.php?rest_route=\/wp\/v2\/users\/1"}],"replies":[{"embeddable":true,"href":"https:\/\/haberbesiktas.tr\/index.php?rest_route=%2Fwp%2Fv2%2Fcomments&post=6466"}],"version-history":[{"count":1,"href":"https:\/\/haberbesiktas.tr\/index.php?rest_route=\/wp\/v2\/posts\/6466\/revisions"}],"predecessor-version":[{"id":6468,"href":"https:\/\/haberbesiktas.tr\/index.php?rest_route=\/wp\/v2\/posts\/6466\/revisions\/6468"}],"wp:featuredmedia":[{"embeddable":true,"href":"https:\/\/haberbesiktas.tr\/index.php?rest_route=\/wp\/v2\/media\/6467"}],"wp:attachment":[{"href":"https:\/\/haberbesiktas.tr\/index.php?rest_route=%2Fwp%2Fv2%2Fmedia&parent=6466"}],"wp:term":[{"taxonomy":"category","embeddable":true,"href":"https:\/\/haberbesiktas.tr\/index.php?rest_route=%2Fwp%2Fv2%2Fcategories&post=6466"},{"taxonomy":"post_tag","embeddable":true,"href":"https:\/\/haberbesiktas.tr\/index.php?rest_route=%2Fwp%2Fv2%2Ftags&post=6466"}],"curies":[{"name":"wp","href":"https:\/\/api.w.org\/{rel}","templated":true}]}}