{"id":6472,"date":"2025-01-26T13:47:41","date_gmt":"2025-01-26T13:47:41","guid":{"rendered":"https:\/\/haberbesiktas.tr\/?p=6472"},"modified":"2025-01-26T13:47:41","modified_gmt":"2025-01-26T13:47:41","slug":"alves-trabzonsporu-istiyor","status":"publish","type":"post","link":"https:\/\/haberbesiktas.tr\/?p=6472","title":{"rendered":"Alves, Trabzonspor&#8217;u istiyor"},"content":{"rendered":"<div>Trabzonspor, devre ortas\u0131ndaki birinci transferini tamamlamak i\u00e7in a\u011f\u0131r bir mesai i\u00e7erisinde.<\/p>\n<p> Birinci yar\u0131da tak\u0131m d\u0131\u015f\u0131 b\u0131rak\u0131lan Mislav Orsic ve Enis Bardhi ile yollar\u0131n\u0131 ay\u0131rd\u0131ktan sonra yabanc\u0131 kontenjan\u0131nda iki bo\u015fluk a\u00e7an bordo-mavililer, stoper b\u00f6lgesindeki transferlerde daha \u00f6nemli bir hareketlilik ya\u015f\u0131yor.<\/p>\n<p> Trabzonspor, Brondby formas\u0131 giyen Danimarkal\u0131 stoper Frederik Alves i\u00e7in kul\u00fcb\u00fcyle pazarl\u0131klar devam ediyor. Brondby&#8217;e 2 milyon Euro&#8217;luk bir teklifte bulunan bordo-mavililer, \u00f6deme plan\u0131 \u00fczerinden pazarl\u0131k yap\u0131yor.<\/p>\n<p> <strong>TRANSFERE SICAK BAKIYOR<\/strong><\/p>\n<p> 25 ya\u015f\u0131ndaki oyuncu transfere s\u0131cak bak\u0131yor. Kul\u00fcpler ortas\u0131ndaki pazarl\u0131k s\u00fcrerken Alves&#8217;in de kul\u00fcp, kent ve \u00fclke hakk\u0131nda bilgi toplad\u0131\u011f\u0131 \u00f6\u011frenildi. Alves&#8217;in, bordo- mavili grup taraftar\u0131n\u0131n son \u015fampiyonlukta izlenme rekorlar\u0131 k\u0131ran \u0131\u015f\u0131kl\u0131 \u015fampiyonluk kutlamalar\u0131na hayran kald\u0131\u011f\u0131 kaydedildi.<\/p>\n<p> \u00a0<\/p>\n<\/div>\n","protected":false},"excerpt":{"rendered":"<p>Trabzonspor&#8217;un teklif yapt\u0131\u011f\u0131  Frederik Alves, bordo-mavili ekibe transfer olmaya s\u0131cak bak\u0131yor.<\/p>\n","protected":false},"author":1,"featured_media":6473,"comment_status":"open","ping_status":"open","sticky":false,"template":"","format":"standard","meta":{"footnotes":""},"categories":[25],"tags":[],"class_list":["post-6472","post","type-post","status-publish","format-standard","has-post-thumbnail","hentry","category-futbol"],"_links":{"self":[{"href":"https:\/\/haberbesiktas.tr\/index.php?rest_route=\/wp\/v2\/posts\/6472","targetHints":{"allow":["GET"]}}],"collection":[{"href":"https:\/\/haberbesiktas.tr\/index.php?rest_route=\/wp\/v2\/posts"}],"about":[{"href":"https:\/\/haberbesiktas.tr\/index.php?rest_route=\/wp\/v2\/types\/post"}],"author":[{"embeddable":true,"href":"https:\/\/haberbesiktas.tr\/index.php?rest_route=\/wp\/v2\/users\/1"}],"replies":[{"embeddable":true,"href":"https:\/\/haberbesiktas.tr\/index.php?rest_route=%2Fwp%2Fv2%2Fcomments&post=6472"}],"version-history":[{"count":1,"href":"https:\/\/haberbesiktas.tr\/index.php?rest_route=\/wp\/v2\/posts\/6472\/revisions"}],"predecessor-version":[{"id":6474,"href":"https:\/\/haberbesiktas.tr\/index.php?rest_route=\/wp\/v2\/posts\/6472\/revisions\/6474"}],"wp:featuredmedia":[{"embeddable":true,"href":"https:\/\/haberbesiktas.tr\/index.php?rest_route=\/wp\/v2\/media\/6473"}],"wp:attachment":[{"href":"https:\/\/haberbesiktas.tr\/index.php?rest_route=%2Fwp%2Fv2%2Fmedia&parent=6472"}],"wp:term":[{"taxonomy":"category","embeddable":true,"href":"https:\/\/haberbesiktas.tr\/index.php?rest_route=%2Fwp%2Fv2%2Fcategories&post=6472"},{"taxonomy":"post_tag","embeddable":true,"href":"https:\/\/haberbesiktas.tr\/index.php?rest_route=%2Fwp%2Fv2%2Ftags&post=6472"}],"curies":[{"name":"wp","href":"https:\/\/api.w.org\/{rel}","templated":true}]}}