{"id":6475,"date":"2025-01-26T13:59:40","date_gmt":"2025-01-26T13:59:40","guid":{"rendered":"https:\/\/haberbesiktas.tr\/?p=6475"},"modified":"2025-01-26T13:59:40","modified_gmt":"2025-01-26T13:59:40","slug":"trabzonsporda-savic-geri-donuyor","status":"publish","type":"post","link":"https:\/\/haberbesiktas.tr\/?p=6475","title":{"rendered":"Trabzonspor&#8217;da Savic geri d\u00f6n\u00fcyor!"},"content":{"rendered":"<div>Trabzonspor&#8217;un yaz devrindeki en fla\u015f transferi olan Stefan Savic, ya\u015fad\u0131\u011f\u0131 sakatl\u0131k nedeniyle yakla\u015f\u0131k 4 ayd\u0131r sahalardan uzak&#8230; Ligde yaln\u0131zca 3 ma\u00e7ta oynayabilen 34 ya\u015f\u0131ndaki Karada\u011fl\u0131 y\u0131ld\u0131z, pazartesi g\u00fcn\u00fc Sivasspor ma\u00e7\u0131yla geri d\u00f6n\u00fcyor.<\/p>\n<p> Ge\u00e7en haftadan bu yana idmanlara \u00e7\u0131kan Savic, kesin olarak 21 ki\u015filik ma\u00e7 tak\u0131m\u0131nda yer alacak. Ama teknik y\u00f6netici \u015eenol G\u00fcne\u015f, Savic&#8217;i birinci 11&#8217;e koyup koymayaca\u011f\u0131na \u015fimdi karar vermedi. Stoperde Arseniy Batagov&#8217;un yeri garanti. \u015eayet Savic yedek bekletilirse, yan\u0131nda yeniden John Lundstram&#8217;\u0131n oynamas\u0131 bekleniyor.<\/p>\n<p> 19 Eyl\u00fcl&#8217;deki Kayserispor ma\u00e7\u0131nda sakatlanan Savic, \u015fayet istikrarl\u0131 halde oynamaya ba\u015flarsa stopere yaln\u0131zca tek oyuncu transferi d\u00fc\u015f\u00fcn\u00fcl\u00fcyor.<\/p>\n<\/div>\n","protected":false},"excerpt":{"rendered":"<p>Trabzonspor&#8217;da Stefan Savic, Sivasspor ma\u00e7\u0131yla tak\u0131ma geri d\u00f6n\u00fcyor. \u015eenol G\u00fcne\u015f, 34 ya\u015f\u0131ndaki futbolcu i\u00e7in kesin karar\u0131n\u0131 \u015fimdi vermedi.<\/p>\n","protected":false},"author":1,"featured_media":6476,"comment_status":"open","ping_status":"open","sticky":false,"template":"","format":"standard","meta":{"footnotes":""},"categories":[25],"tags":[868],"class_list":["post-6475","post","type-post","status-publish","format-standard","has-post-thumbnail","hentry","category-futbol","tag-savic"],"_links":{"self":[{"href":"https:\/\/haberbesiktas.tr\/index.php?rest_route=\/wp\/v2\/posts\/6475","targetHints":{"allow":["GET"]}}],"collection":[{"href":"https:\/\/haberbesiktas.tr\/index.php?rest_route=\/wp\/v2\/posts"}],"about":[{"href":"https:\/\/haberbesiktas.tr\/index.php?rest_route=\/wp\/v2\/types\/post"}],"author":[{"embeddable":true,"href":"https:\/\/haberbesiktas.tr\/index.php?rest_route=\/wp\/v2\/users\/1"}],"replies":[{"embeddable":true,"href":"https:\/\/haberbesiktas.tr\/index.php?rest_route=%2Fwp%2Fv2%2Fcomments&post=6475"}],"version-history":[{"count":1,"href":"https:\/\/haberbesiktas.tr\/index.php?rest_route=\/wp\/v2\/posts\/6475\/revisions"}],"predecessor-version":[{"id":6477,"href":"https:\/\/haberbesiktas.tr\/index.php?rest_route=\/wp\/v2\/posts\/6475\/revisions\/6477"}],"wp:featuredmedia":[{"embeddable":true,"href":"https:\/\/haberbesiktas.tr\/index.php?rest_route=\/wp\/v2\/media\/6476"}],"wp:attachment":[{"href":"https:\/\/haberbesiktas.tr\/index.php?rest_route=%2Fwp%2Fv2%2Fmedia&parent=6475"}],"wp:term":[{"taxonomy":"category","embeddable":true,"href":"https:\/\/haberbesiktas.tr\/index.php?rest_route=%2Fwp%2Fv2%2Fcategories&post=6475"},{"taxonomy":"post_tag","embeddable":true,"href":"https:\/\/haberbesiktas.tr\/index.php?rest_route=%2Fwp%2Fv2%2Ftags&post=6475"}],"curies":[{"name":"wp","href":"https:\/\/api.w.org\/{rel}","templated":true}]}}