{"id":6478,"date":"2025-01-26T14:11:40","date_gmt":"2025-01-26T14:11:40","guid":{"rendered":"https:\/\/haberbesiktas.tr\/?p=6478"},"modified":"2025-01-26T14:11:40","modified_gmt":"2025-01-26T14:11:40","slug":"trabzonsporda-cham-icin-karar","status":"publish","type":"post","link":"https:\/\/haberbesiktas.tr\/?p=6478","title":{"rendered":"Trabzonspor&#8217;da Cham i\u00e7in karar"},"content":{"rendered":"<div>Trabzonspor&#8217;da teknik heyet, Antalyaspor ma\u00e7\u0131nda sakatl\u0131k ya\u015fayan Muhammed Cham&#8217;\u0131 Sivasspor ma\u00e7\u0131nda dinlendirmeyi d\u00fc\u015f\u00fcn\u00fcyor.<\/p>\n<p> Trabzonspor&#8217;da son 7 lig ma\u00e7\u0131nda 4 gol 5 asistlik muazzam bir performans ortaya koyan Muhammed Cham, Antalyaspor m\u00fcsabakas\u0131nda da fileleri havaland\u0131rm\u0131\u015ft\u0131. Lakin gen\u00e7 y\u0131ld\u0131z, ma\u00e7\u0131n son k\u0131s\u0131mlar\u0131nda sakatlan\u0131p, sedyeyle oyundan \u00e7\u0131kt\u0131.<\/p>\n<p> Dizinden sorun ya\u015fayan Cham, kadrodan farkl\u0131 bi\u00e7imde hafif tempolu antrenmanlar yap\u0131yor. Ba\u015far\u0131l\u0131 oyuncu, pazartesi g\u00fcnk\u00fc Sivasspor gayretinde kesinlikle oynamak istiyor. Lakin teknik heyetin, sakatl\u0131k riski nedeniyle Cham&#8217;\u0131 dinlendirmek istedi\u011fi \u00f6\u011frenildi.<\/p>\n<p> \u00a0<\/p>\n<\/div>\n","protected":false},"excerpt":{"rendered":"<p>Trabzonspor&#8217;da son haftalar\u0131n formda ismi Muhammed Cham, Sivasspor ma\u00e7\u0131nda sakatl\u0131\u011f\u0131 nedeniyle dinlendirilebilir.<\/p>\n","protected":false},"author":1,"featured_media":6479,"comment_status":"open","ping_status":"open","sticky":false,"template":"","format":"standard","meta":{"footnotes":""},"categories":[25],"tags":[],"class_list":["post-6478","post","type-post","status-publish","format-standard","has-post-thumbnail","hentry","category-futbol"],"_links":{"self":[{"href":"https:\/\/haberbesiktas.tr\/index.php?rest_route=\/wp\/v2\/posts\/6478","targetHints":{"allow":["GET"]}}],"collection":[{"href":"https:\/\/haberbesiktas.tr\/index.php?rest_route=\/wp\/v2\/posts"}],"about":[{"href":"https:\/\/haberbesiktas.tr\/index.php?rest_route=\/wp\/v2\/types\/post"}],"author":[{"embeddable":true,"href":"https:\/\/haberbesiktas.tr\/index.php?rest_route=\/wp\/v2\/users\/1"}],"replies":[{"embeddable":true,"href":"https:\/\/haberbesiktas.tr\/index.php?rest_route=%2Fwp%2Fv2%2Fcomments&post=6478"}],"version-history":[{"count":1,"href":"https:\/\/haberbesiktas.tr\/index.php?rest_route=\/wp\/v2\/posts\/6478\/revisions"}],"predecessor-version":[{"id":6480,"href":"https:\/\/haberbesiktas.tr\/index.php?rest_route=\/wp\/v2\/posts\/6478\/revisions\/6480"}],"wp:featuredmedia":[{"embeddable":true,"href":"https:\/\/haberbesiktas.tr\/index.php?rest_route=\/wp\/v2\/media\/6479"}],"wp:attachment":[{"href":"https:\/\/haberbesiktas.tr\/index.php?rest_route=%2Fwp%2Fv2%2Fmedia&parent=6478"}],"wp:term":[{"taxonomy":"category","embeddable":true,"href":"https:\/\/haberbesiktas.tr\/index.php?rest_route=%2Fwp%2Fv2%2Fcategories&post=6478"},{"taxonomy":"post_tag","embeddable":true,"href":"https:\/\/haberbesiktas.tr\/index.php?rest_route=%2Fwp%2Fv2%2Ftags&post=6478"}],"curies":[{"name":"wp","href":"https:\/\/api.w.org\/{rel}","templated":true}]}}