{"id":6481,"date":"2025-01-26T14:47:39","date_gmt":"2025-01-26T14:47:39","guid":{"rendered":"https:\/\/haberbesiktas.tr\/?p=6481"},"modified":"2025-01-26T14:47:39","modified_gmt":"2025-01-26T14:47:39","slug":"besiktastan-eyupspora-takas-teklifi-ahmed-mustafa","status":"publish","type":"post","link":"https:\/\/haberbesiktas.tr\/?p=6481","title":{"rendered":"Be\u015fikta\u015f&#8217;tan Ey\u00fcpspor&#8217;a takas teklifi; Ahmed &#8211; Mustafa"},"content":{"rendered":"<div>Transfer \u00e7al\u0131\u015fmalar\u0131n\u0131 s\u00fcrd\u00fcren Be\u015fikta\u015f g\u00f6z\u00fcn\u00fc Ey\u00fcpspor&#8217;un y\u0131ld\u0131z\u0131 Ahmed Kutucu&#8217;ya dikti. <\/p>\n<p>Takvim&#8217;in haberine g\u00f6re, Siyah-Beyazl\u0131lar&#8217;\u0131n Ba\u015fkan\u0131 Serdal Adal\u0131&#8217;n\u0131n kadroya katmak istedi\u011fi kanat oyuncusu i\u00e7in k\u0131sa m\u00fcddet i\u00e7erisinde Ey\u00fcpspor ile temas kurup teklifini iletece\u011fi \u00f6\u011frenildi. Kartal&#8217;\u0131n Ey\u00fcp&#8217;e bonservis bedelinin d\u0131\u015f\u0131nda gen\u00e7 forveti Mustafa Hekimo\u011flu&#8217;nu da 1,5 y\u0131ll\u0131\u011f\u0131na kiral\u0131k g\u00f6ndermeyi \u00f6nerece\u011fi tabir ediliyor.<\/p>\n<p> <strong>14 GOLE KATKI YAPTI<\/strong><\/p>\n<p> 17 ya\u015f\u0131ndaki forveti ilgisi bulunan Ey\u00fcpspor&#8217;un ise bu teklife ne kar\u015f\u0131l\u0131k verece\u011fi merak konusu. Bu d\u00f6nem ortaya koydu\u011fu performansla 4 b\u00fcy\u00fcklerin ve Avrupa gruplar\u0131n\u0131n radar\u0131na giren 24 ya\u015f\u0131ndaki sol kanat oyuncusu \u00e7\u0131kt\u0131\u011f\u0131 19 ma\u00e7ta 9 gol, 5 asistlik performans sergiledi. Ey\u00fcpspor ile 2027 y\u0131l\u0131na kadar kontrat\u0131 bulunan futbolcu i\u00e7in \u0130stanbul tak\u0131m\u0131n\u0131n bonservis beklentisinin ise 10 milyon Euro civar\u0131nda oldu\u011fu belirtiliyor.<\/p>\n<\/div>\n","protected":false},"excerpt":{"rendered":"<p>Be\u015fikta\u015f, Ahmed Kutucu i\u00e7in Mustafa Hekimo\u011flu&#8217;nu Ey\u00fcpspor&#8217;a kiralayabilir.<\/p>\n","protected":false},"author":1,"featured_media":6482,"comment_status":"open","ping_status":"open","sticky":false,"template":"","format":"standard","meta":{"footnotes":""},"categories":[25],"tags":[],"class_list":["post-6481","post","type-post","status-publish","format-standard","has-post-thumbnail","hentry","category-futbol"],"_links":{"self":[{"href":"https:\/\/haberbesiktas.tr\/index.php?rest_route=\/wp\/v2\/posts\/6481","targetHints":{"allow":["GET"]}}],"collection":[{"href":"https:\/\/haberbesiktas.tr\/index.php?rest_route=\/wp\/v2\/posts"}],"about":[{"href":"https:\/\/haberbesiktas.tr\/index.php?rest_route=\/wp\/v2\/types\/post"}],"author":[{"embeddable":true,"href":"https:\/\/haberbesiktas.tr\/index.php?rest_route=\/wp\/v2\/users\/1"}],"replies":[{"embeddable":true,"href":"https:\/\/haberbesiktas.tr\/index.php?rest_route=%2Fwp%2Fv2%2Fcomments&post=6481"}],"version-history":[{"count":1,"href":"https:\/\/haberbesiktas.tr\/index.php?rest_route=\/wp\/v2\/posts\/6481\/revisions"}],"predecessor-version":[{"id":6483,"href":"https:\/\/haberbesiktas.tr\/index.php?rest_route=\/wp\/v2\/posts\/6481\/revisions\/6483"}],"wp:featuredmedia":[{"embeddable":true,"href":"https:\/\/haberbesiktas.tr\/index.php?rest_route=\/wp\/v2\/media\/6482"}],"wp:attachment":[{"href":"https:\/\/haberbesiktas.tr\/index.php?rest_route=%2Fwp%2Fv2%2Fmedia&parent=6481"}],"wp:term":[{"taxonomy":"category","embeddable":true,"href":"https:\/\/haberbesiktas.tr\/index.php?rest_route=%2Fwp%2Fv2%2Fcategories&post=6481"},{"taxonomy":"post_tag","embeddable":true,"href":"https:\/\/haberbesiktas.tr\/index.php?rest_route=%2Fwp%2Fv2%2Ftags&post=6481"}],"curies":[{"name":"wp","href":"https:\/\/api.w.org\/{rel}","templated":true}]}}