{"id":6490,"date":"2025-01-26T15:59:41","date_gmt":"2025-01-26T15:59:41","guid":{"rendered":"https:\/\/haberbesiktas.tr\/?p=6490"},"modified":"2025-01-26T15:59:41","modified_gmt":"2025-01-26T15:59:41","slug":"manchester-cityde-haalanda-tarihi-sozlesme","status":"publish","type":"post","link":"https:\/\/haberbesiktas.tr\/?p=6490","title":{"rendered":"Manchester City&#8217;de Haaland&#8217;a tarihi s\u00f6zle\u015fme!"},"content":{"rendered":"<div>Manchester City&#8217;nin y\u0131ld\u0131z ismi Erling Haaland, yeni mukavele haberiyle g\u00fcndeme d\u00fc\u015ft\u00fc.<\/p>\n<p><strong>9.5 YILLIK S\u00d6ZLE\u015eME<\/strong><\/p>\n<p> The Athletic&#8217;te yer alan habere nazaran, Haaland, Manchester City ile 9.5 y\u0131ll\u0131k yeni mukavele imzalad\u0131.<\/p>\n<p> Manchester City ile kontrat\u0131 2027 y\u0131l\u0131nda sona erecek Haaland&#8217;\u0131n yeni mukaveleyle birlikte \u0130ngiliz grubundaki gelece\u011fini 2034&#8217;e kadar uzatt\u0131\u011f\u0131 belirtildi.<\/p>\n<p><strong>EN YARARLI S\u00d6ZLE\u015eMELERDEN<\/strong><\/p>\n<p> Y\u0131ld\u0131z golc\u00fc, Manchester City ile yeni mutabakat\u0131 sona erdi\u011finde 34 ya\u015f\u0131na girmi\u015f olacak. Haaland&#8217;\u0131n yeni mukaveleyle birlikte daha evvelki kontratta yer alan \u00f6zg\u00fcr kalma unsurunun de devre d\u0131\u015f\u0131 kalaca\u011f\u0131 tabir edildi.<\/p>\n<p> \u0130ngiliz bas\u0131n\u0131ndaki haberde, Haaland&#8217;\u0131n yeni mukaveleden kazanaca\u011f\u0131 fiyat verilmedi fakat taraflar ortas\u0131ndaki mutabakat\u0131n spor tarihindeki en \u00e7\u0131karl\u0131 mukavelelerden biri oldu\u011fu \u00f6ne s\u00fcr\u00fcld\u00fc.<\/p>\n<p> Manchester City&#8217;de bu d\u00f6nem 28 ma\u00e7ta alana \u00e7\u0131kan 24 ya\u015f\u0131ndaki futbolcu, 21 gol gol att\u0131 ve 1 asist yapt\u0131.<\/p>\n<\/div>\n","protected":false},"excerpt":{"rendered":"<p>Manchester City&#8217;nin Erling Haaland ile 9.5 y\u0131ll\u0131k yeni mukavele imzalad\u0131\u011f\u0131 \u00f6ne s\u00fcr\u00fcld\u00fc.<\/p>\n","protected":false},"author":1,"featured_media":6491,"comment_status":"open","ping_status":"open","sticky":false,"template":"","format":"standard","meta":{"footnotes":""},"categories":[25],"tags":[869,870],"class_list":["post-6490","post","type-post","status-publish","format-standard","has-post-thumbnail","hentry","category-futbol","tag-manchester-city","tag-yeni-sozlesme"],"_links":{"self":[{"href":"https:\/\/haberbesiktas.tr\/index.php?rest_route=\/wp\/v2\/posts\/6490","targetHints":{"allow":["GET"]}}],"collection":[{"href":"https:\/\/haberbesiktas.tr\/index.php?rest_route=\/wp\/v2\/posts"}],"about":[{"href":"https:\/\/haberbesiktas.tr\/index.php?rest_route=\/wp\/v2\/types\/post"}],"author":[{"embeddable":true,"href":"https:\/\/haberbesiktas.tr\/index.php?rest_route=\/wp\/v2\/users\/1"}],"replies":[{"embeddable":true,"href":"https:\/\/haberbesiktas.tr\/index.php?rest_route=%2Fwp%2Fv2%2Fcomments&post=6490"}],"version-history":[{"count":1,"href":"https:\/\/haberbesiktas.tr\/index.php?rest_route=\/wp\/v2\/posts\/6490\/revisions"}],"predecessor-version":[{"id":6492,"href":"https:\/\/haberbesiktas.tr\/index.php?rest_route=\/wp\/v2\/posts\/6490\/revisions\/6492"}],"wp:featuredmedia":[{"embeddable":true,"href":"https:\/\/haberbesiktas.tr\/index.php?rest_route=\/wp\/v2\/media\/6491"}],"wp:attachment":[{"href":"https:\/\/haberbesiktas.tr\/index.php?rest_route=%2Fwp%2Fv2%2Fmedia&parent=6490"}],"wp:term":[{"taxonomy":"category","embeddable":true,"href":"https:\/\/haberbesiktas.tr\/index.php?rest_route=%2Fwp%2Fv2%2Fcategories&post=6490"},{"taxonomy":"post_tag","embeddable":true,"href":"https:\/\/haberbesiktas.tr\/index.php?rest_route=%2Fwp%2Fv2%2Ftags&post=6490"}],"curies":[{"name":"wp","href":"https:\/\/api.w.org\/{rel}","templated":true}]}}