{"id":6502,"date":"2025-01-26T17:11:40","date_gmt":"2025-01-26T17:11:40","guid":{"rendered":"https:\/\/haberbesiktas.tr\/?p=6502"},"modified":"2025-01-26T17:11:40","modified_gmt":"2025-01-26T17:11:40","slug":"besiktas-kapa-bildirdi-ole-gunnar-solskjaer","status":"publish","type":"post","link":"https:\/\/haberbesiktas.tr\/?p=6502","title":{"rendered":"Be\u015fikta\u015f, KAP&#8217;a bildirdi: Ole Gunnar Solskjaer"},"content":{"rendered":"<div>Be\u015fikta\u015f, yeni teknik y\u00f6netici i\u00e7in geri say\u0131ma ge\u00e7ti.<\/p>\n<p> Siyah-beyazl\u0131lar, Ole Gunnar Solskjaer&#8217;e resmi teklif yapt\u0131 ve Norve\u00e7li teknik adamla prensip olarak muahede sa\u011flad\u0131.<\/p>\n<p><span><strong>KAP&#8217;A B\u0130LD\u0130R\u0130LD\u0130<\/strong><\/span><\/p>\n<p>Kul\u00fcpten KAP&#8217;a yap\u0131lan a\u00e7\u0131klamada,\u00a0Ole Gunnar Solskjaer ile teknik y\u00f6neticilik vazifesi i\u00e7in g\u00f6r\u00fc\u015fmelere ba\u015fland\u0131\u011f\u0131 tabir edildi.<\/p>\n<p><span><strong>1.5 YILLIK ANLA\u015eMA<\/strong><\/span><\/p>\n<p> <strong>Solskjaer, Be\u015fikta\u015f ile muahedeyi resmiyete d\u00f6kmek i\u00e7in bug\u00fcn (cuma) saat 14.00 &#8211; 15.00 sular\u0131nda menajeri ile birlikte \u0130stanbul&#8217;a gelecek.<\/strong> <\/p>\n<p>Ole Gunnar Solskjaer&#8217;in Be\u015fikta\u015f-Samsunspor ma\u00e7\u0131n\u0131 trib\u00fcnden takip etmesi ve siyah-beyazl\u0131lar\u0131n Athletic Bilbao ile oynayaca\u011f\u0131 ma\u00e7ta ekibin ba\u015f\u0131nda yer almas\u0131 bekleniyor.<\/p>\n<p> <span><strong>DAHA EVVEL DE G\u00dcNDEME GELD\u0130<\/strong><\/span><\/p>\n<p> Be\u015fikta\u015f, ge\u00e7en d\u00f6nem da teknik y\u00f6netici arad\u0131\u011f\u0131 devirde Norve\u00e7li teknik y\u00f6netici ile temas kurmu\u015ftu.<\/p>\n<p> Solskjaer, mesle\u011finde; Molde, Cardiff ve Manchester United&#8217;da misyon yapt\u0131.<\/p>\n<p> Son olarak Manchester United&#8217;da misyon alan Solskjaer, Kas\u0131m 2021&#8217;de \u0130ngiliz tak\u0131m\u0131ndan ayr\u0131ld\u0131\u011f\u0131ndan bu yana kadro \u00e7al\u0131\u015ft\u0131rm\u0131yor.\u00a0<\/p>\n<div>\u00a0<\/div>\n<p> <strong>\u00a0<\/strong><\/p>\n<\/div>\n","protected":false},"excerpt":{"rendered":"<p>Be\u015fikta\u015f, teknik y\u00f6netici Ole Gunnar Solskjaer ile g\u00f6r\u00fc\u015fmelere ba\u015fland\u0131\u011f\u0131n\u0131 KAP&#8217;a bildirdi.<\/p>\n","protected":false},"author":1,"featured_media":6503,"comment_status":"open","ping_status":"open","sticky":false,"template":"","format":"standard","meta":{"footnotes":""},"categories":[25],"tags":[860,351],"class_list":["post-6502","post","type-post","status-publish","format-standard","has-post-thumbnail","hentry","category-futbol","tag-solskjaer","tag-teknik"],"_links":{"self":[{"href":"https:\/\/haberbesiktas.tr\/index.php?rest_route=\/wp\/v2\/posts\/6502","targetHints":{"allow":["GET"]}}],"collection":[{"href":"https:\/\/haberbesiktas.tr\/index.php?rest_route=\/wp\/v2\/posts"}],"about":[{"href":"https:\/\/haberbesiktas.tr\/index.php?rest_route=\/wp\/v2\/types\/post"}],"author":[{"embeddable":true,"href":"https:\/\/haberbesiktas.tr\/index.php?rest_route=\/wp\/v2\/users\/1"}],"replies":[{"embeddable":true,"href":"https:\/\/haberbesiktas.tr\/index.php?rest_route=%2Fwp%2Fv2%2Fcomments&post=6502"}],"version-history":[{"count":1,"href":"https:\/\/haberbesiktas.tr\/index.php?rest_route=\/wp\/v2\/posts\/6502\/revisions"}],"predecessor-version":[{"id":6504,"href":"https:\/\/haberbesiktas.tr\/index.php?rest_route=\/wp\/v2\/posts\/6502\/revisions\/6504"}],"wp:featuredmedia":[{"embeddable":true,"href":"https:\/\/haberbesiktas.tr\/index.php?rest_route=\/wp\/v2\/media\/6503"}],"wp:attachment":[{"href":"https:\/\/haberbesiktas.tr\/index.php?rest_route=%2Fwp%2Fv2%2Fmedia&parent=6502"}],"wp:term":[{"taxonomy":"category","embeddable":true,"href":"https:\/\/haberbesiktas.tr\/index.php?rest_route=%2Fwp%2Fv2%2Fcategories&post=6502"},{"taxonomy":"post_tag","embeddable":true,"href":"https:\/\/haberbesiktas.tr\/index.php?rest_route=%2Fwp%2Fv2%2Ftags&post=6502"}],"curies":[{"name":"wp","href":"https:\/\/api.w.org\/{rel}","templated":true}]}}