{"id":6508,"date":"2025-01-26T18:59:39","date_gmt":"2025-01-26T18:59:39","guid":{"rendered":"https:\/\/haberbesiktas.tr\/?p=6508"},"modified":"2025-01-26T18:59:39","modified_gmt":"2025-01-26T18:59:39","slug":"besiktasin-konugu-samsunspor","status":"publish","type":"post","link":"https:\/\/haberbesiktas.tr\/?p=6508","title":{"rendered":"Be\u015fikta\u015f&#8217;\u0131n konu\u011fu Samsunspor"},"content":{"rendered":"<div>Be\u015fikta\u015f, Trendyol Muhte\u015fem Lig&#8217;in 20. haftas\u0131nda cumartesi g\u00fcn\u00fc Reeder Samsunspor&#8217;u konuk edecek.<\/p>\n<p> T\u00fcpra\u015f Stad\u0131&#8217;nda saat 19.00&#8217;da ba\u015flayacak \u00e7abay\u0131, hakem Kadir Sa\u011flam y\u00f6netecek.<\/p>\n<p> Ligde \u00e7\u0131kt\u0131\u011f\u0131 18 ma\u00e7ta 8 galibiyet, 6 beraberlik ve 4 yenilgi alan siyah-beyazl\u0131lar, toplad\u0131\u011f\u0131 30 puan ve averajla 6. s\u0131rada yer ald\u0131.<\/p>\n<p> Siyah-beyazl\u0131 grup oynad\u0131\u011f\u0131 son 3 m\u00fcsabakada 1 galibiyet, 2 beraberlik ya\u015fad\u0131.<\/p>\n<p> Oynad\u0131\u011f\u0131 futbolla takdir toplayan bu d\u00f6nemin \u00e7\u0131k\u0131\u015f yapan gruplar\u0131ndan Reeder Samsunspor ise 11 sefer alandan galip ayr\u0131l\u0131rken, 3 ma\u00e7ta berabere kald\u0131. Karadeniz grubu, 4 kar\u015f\u0131la\u015fmadan ise puans\u0131z ayr\u0131ld\u0131.<\/p>\n<p> <strong>Be\u015fikta\u015f&#8217;ta 3 eksik<\/strong><\/p>\n<p> Siyah-beyazl\u0131 ekipte 3 futbolcu, Reeder Samsunspor kar\u015f\u0131s\u0131nda forma giyemeyecek.<\/p>\n<p> Be\u015fikta\u015f&#8217;ta tedavileri devam eden Necip Uysal, Gabriel Paulista ile Tayyip Talha Sanu\u00e7, kar\u015f\u0131la\u015fmada misyon yapamayacak.<\/p>\n<p> <strong>Be\u015f futbolcu ceza s\u0131n\u0131r\u0131nda<\/strong><\/p>\n<p> Be\u015fikta\u015f&#8217;ta 5 futbolcu, Samsunspor m\u00fcsabakas\u0131 \u00f6ncesinde sar\u0131 kart ceza hududunda bulunuyor.<\/p>\n<p> \u00dc\u00e7er sar\u0131 kartlar\u0131 bulunan Mert G\u00fcnok, Ersin Destano\u011flu, Rafa Silva, Moatasem Al-Musrati ve Ciro Immobile, kart g\u00f6rmeleri halinde cezal\u0131 duruma d\u00fc\u015fecek.<\/p>\n<p> Kelam konusu 5 oyuncu, cezal\u0131 olmas\u0131 durumunda Muhte\u015fem Lig&#8217;in 21. haftas\u0131nda deplasmanda Onvo Antalyaspor ile yap\u0131lacak kar\u015f\u0131la\u015fmada forma giyemeyecek.<\/p>\n<\/div>\n","protected":false},"excerpt":{"rendered":"<p>Be\u015fikta\u015f, S\u00fcper Lig&#8217;de Samsunspor ile alan\u0131nda kar\u015f\u0131la\u015facak.<\/p>\n","protected":false},"author":1,"featured_media":6509,"comment_status":"open","ping_status":"open","sticky":false,"template":"","format":"standard","meta":{"footnotes":""},"categories":[25],"tags":[],"class_list":["post-6508","post","type-post","status-publish","format-standard","has-post-thumbnail","hentry","category-futbol"],"_links":{"self":[{"href":"https:\/\/haberbesiktas.tr\/index.php?rest_route=\/wp\/v2\/posts\/6508","targetHints":{"allow":["GET"]}}],"collection":[{"href":"https:\/\/haberbesiktas.tr\/index.php?rest_route=\/wp\/v2\/posts"}],"about":[{"href":"https:\/\/haberbesiktas.tr\/index.php?rest_route=\/wp\/v2\/types\/post"}],"author":[{"embeddable":true,"href":"https:\/\/haberbesiktas.tr\/index.php?rest_route=\/wp\/v2\/users\/1"}],"replies":[{"embeddable":true,"href":"https:\/\/haberbesiktas.tr\/index.php?rest_route=%2Fwp%2Fv2%2Fcomments&post=6508"}],"version-history":[{"count":1,"href":"https:\/\/haberbesiktas.tr\/index.php?rest_route=\/wp\/v2\/posts\/6508\/revisions"}],"predecessor-version":[{"id":6510,"href":"https:\/\/haberbesiktas.tr\/index.php?rest_route=\/wp\/v2\/posts\/6508\/revisions\/6510"}],"wp:featuredmedia":[{"embeddable":true,"href":"https:\/\/haberbesiktas.tr\/index.php?rest_route=\/wp\/v2\/media\/6509"}],"wp:attachment":[{"href":"https:\/\/haberbesiktas.tr\/index.php?rest_route=%2Fwp%2Fv2%2Fmedia&parent=6508"}],"wp:term":[{"taxonomy":"category","embeddable":true,"href":"https:\/\/haberbesiktas.tr\/index.php?rest_route=%2Fwp%2Fv2%2Fcategories&post=6508"},{"taxonomy":"post_tag","embeddable":true,"href":"https:\/\/haberbesiktas.tr\/index.php?rest_route=%2Fwp%2Fv2%2Ftags&post=6508"}],"curies":[{"name":"wp","href":"https:\/\/api.w.org\/{rel}","templated":true}]}}