{"id":6535,"date":"2025-01-26T20:47:41","date_gmt":"2025-01-26T20:47:41","guid":{"rendered":"https:\/\/haberbesiktas.tr\/?p=6535"},"modified":"2025-01-26T20:47:41","modified_gmt":"2025-01-26T20:47:41","slug":"mehmet-topaldan-fenerbahce-yaniti","status":"publish","type":"post","link":"https:\/\/haberbesiktas.tr\/?p=6535","title":{"rendered":"Mehmet Topal&#8217;dan Fenerbah\u00e7e yan\u0131t\u0131!"},"content":{"rendered":"<div>Futbolculuk mesle\u011finde say\u0131s\u0131z ba\u015far\u0131s\u0131 ve rekorlar\u0131 bulunan Mehmet Topal, teknik y\u00f6neticili\u011fe bu d\u00f6nem ge\u00e7i\u015f yapm\u0131\u015ft\u0131. Birinci tecr\u00fcbesini Romanya 1&#8217;inci Lig tak\u0131mlar\u0131ndan Petrolul Ploie\u015fti ile ya\u015fayan gen\u00e7 teknik adam, ya\u015fanan s\u0131k\u0131nt\u0131lar sebebiyle devre ortas\u0131nda kadrodan ayr\u0131lma karar\u0131 ald\u0131. Ge\u00e7ti\u011fimiz y\u0131l\u0131n temmuz ay\u0131nda Romanya 1&#8217;inci Lig gruplar\u0131ndan Petrolul Ploie\u015fti ile anla\u015fan ve ba\u015far\u0131lar\u0131yla isminden daima kelam ettiren Topal, ekibi 6&#8217;\u0131nc\u0131 s\u0131rada ve \u015fampiyonluk play-off \u00e7izgisinde b\u0131rakt\u0131.<\/p>\n<p> TRT Spor&#8217;un canl\u0131 yay\u0131n konu\u011fu olan ve Petrolul Ploie\u015fti&#8217;de ge\u00e7irdi\u011fi son 7 ayl\u0131k s\u00fcrecin inan\u0131lmaz tempolu oldu\u011funu lisana getirerek kelamlar\u0131na ba\u015flayan Mehmet Topal, <strong>&#8220;\u00c7ok s\u0131k\u0131nt\u0131 ko\u015fullar ve imkanlarda bir ba\u015flang\u0131\u00e7 oldu lakin bu formda olmas\u0131 da d\u00fczg\u00fcnd\u00fc, deneyim katt\u0131. \u00c7ocuklu\u011fumdan beri g\u00f6rd\u00fc\u011f\u00fcm \u015feylerdi fakat ya\u015famak farkl\u0131 bir deneyim edinmeme yol a\u00e7t\u0131&#8221;<\/strong> diye konu\u015ftu.<\/p>\n<p> <strong>&#8220;DE\u011eERLEND\u0130RMEK \u0130ST\u0130YORUM&#8221;<\/strong><\/p>\n<p> \u00c7ok ho\u015f bir yar\u0131m d\u00f6nem ge\u00e7irdi\u011fini, kendisine gelen yeni tekliflerin de oldu\u011funu kelamlar\u0131na ekleyen Topal bilhassa Romanya Ligi&#8217;nde \u00f6teki ekiplerden isteniyor olmas\u0131n\u0131n manal\u0131 oldu\u011funu s\u00f6yledi. Topal, <strong>&#8220;\u00c7ok yorucu s\u00fcre\u00e7 oldu ailemle vakit ge\u00e7irmek istedim. Ho\u015f teklifler de var lakin en ho\u015f teklifi k\u0131ymetlendirmek istiyorum. Bu ortada Romanya Ligi&#8217;nde di\u011fer ekipler taraf\u0131ndan istenmek i\u015fimizi yeterli yapt\u0131\u011f\u0131m\u0131z\u0131 g\u00f6steriyor&#8221;<\/strong> dedi.<\/p>\n<p> <strong>&#8220;\u0130NG\u0130LTERE \u00d6B\u00dcR B\u0130R SEV\u0130YE&#8221;<\/strong><\/p>\n<p> Gayesinin futbolcuyken Premier Lig oldu\u011funu ancak f\u0131rsat olmad\u0131\u011f\u0131n\u0131 s\u00f6yleyen Mehmet Topal teknik y\u00f6netici olarak \u0130ngiltere&#8217;ye gitmek istedi\u011fini s\u00f6z etti. Topal,<strong> &#8220;\u0130ngiltere ile \u00f6b\u00fcr \u00fclkeler ortas\u0131nda siyah ile beyaz ortas\u0131 \u00fczere fark var. Sahiden inan\u0131lmaz bir d\u00fczey. Bizim de kendimizi geli\u015ftirmek ismine biraz fedakarl\u0131klar yapmam\u0131z gerekiyor&#8221;<\/strong> halinde konu\u015ftu.<\/p>\n<p> <strong>&#8220;BAZI \u015eEYLER \u00c7OK KOLAY ELDE ED\u0130LM\u0130YOR&#8221;<\/strong><\/p>\n<p> Futbolculuk mesle\u011fi boyunca i\u015fin hakikat olan\u0131n\u0131 yapt\u0131\u011f\u0131n\u0131 ve daima \u00e7ok \u00e7al\u0131\u015ft\u0131\u011f\u0131n\u0131 lisana getiren Mehmet Topal, &#8220;<strong>\u00c7ok fazla ac\u0131lar \u00e7ektik, haks\u0131zl\u0131klar oldu, ho\u015f anlar ya\u015fand\u0131 buraya gelmek kolay olmad\u0131. Ya\u015famadan hi\u00e7 kolay olmuyor. Bu d\u00fczeylere kolay gelinmiyor. Ben futbol oynad\u0131\u011f\u0131m devirlerde 10 sene bilhassa d\u00f6nem boyunca 15 g\u00fcn azam\u00ee tatilim oluyordu. Birtak\u0131m \u015feyler \u00e7ok kolay elde edilmiyor. Futbolun do\u011frular\u0131n\u0131 ya\u015fayarak fedakarca \u00e7al\u0131\u015ft\u0131m. \u00d6mr\u00fcm boyunca da do\u011frular\u0131 yapmaya devam edece\u011fim. B\u00fct\u00fcn kul\u00fcplerde b\u00fcy\u00fck topluluklarda oynama f\u0131rsat\u0131 ya\u015fad\u0131m. Topluluklar\u0131 birbirinden ay\u0131rmam hakikat olmaz. Kendi \u00f6zellikleri, ba\u011fl\u0131l\u0131klar\u0131 var lakin ortada b\u00fcy\u00fck bir fark m\u0131 var dersek &#8216;bir ad\u0131ml\u0131k&#8217; diyebilirim. Avrupa&#8217;da b\u00fcsb\u00fct\u00fcn profesyonelce bir bak\u0131\u015f a\u00e7\u0131s\u0131 var. Biz ne vakit Avrupal\u0131la\u015fmaya ad\u0131m atarsak daha b\u00fcy\u00fck muvaffakiyetler ge\u00e7ek tahminen UEFA Kupas\u0131 gelecek. Bizim de T\u00fcrk futbolunda profesyonel d\u00fczeye ad\u0131m atmam\u0131z gerekiyor&#8221;<\/strong> diye konu\u015ftu.<\/p>\n<p><img decoding=\"async\" src=\"https:\/\/haberbesiktas.tr\/wp-content\/uploads\/2025\/01\/mehmet-topaldan-fenerbahce-yaniti-0-XOZQcgHM.jpg\"\/><\/p>\n<p> <strong>BE\u015e\u0130KTA\u015e YORUMU<\/strong><\/p>\n<p> Be\u015fikta\u015f&#8217;\u0131n hayran olunabilecek bir toplulu\u011fa sahip oldu\u011funu s\u00f6z eden Mehmet Topal,<strong> &#8220;Oyuncular\u0131n yahut hocan\u0131n formsuzlu\u011funu konu\u015fabilirsin fakat hoca g\u00f6z\u00fcnden de bakmak gerekir. D\u00fczg\u00fcn bir galibiyetle \u00dcst\u00fcn Kupa kazand\u0131lar lakin geriye giden de bir Be\u015fikta\u015f var. Daima kasvetler i\u00e7indelerdi. Sanki ne olaca\u011f\u0131n\u0131 d\u00fc\u015f\u00fcnen bir oyuncu k\u00fcmesi ve hoca da var. Karma\u015f\u0131kl\u0131\u011f\u0131n i\u00e7inde bunun da tesiri vard\u0131r. Ancak bunun i\u00e7inden \u00e7\u0131kmalar\u0131 gerekiyor. Son 3-4 y\u0131ld\u0131r de \u015fampiyonluktan da uzak kalan bir topluluk. Bir an evvel o karma\u015f\u0131kl\u0131\u011f\u0131n giderip ge\u00e7mi\u015f y\u0131llardaki d\u00fczg\u00fcn g\u00fcnlerine d\u00f6nmeleri gerekiyor&#8221;<\/strong> dedi.<\/p>\n<p> Topal, yabanc\u0131 teknik y\u00f6netici ile T\u00fcrk teknik y\u00f6netici ayr\u0131m\u0131n\u0131n \u00e7ok fazla fark yaratmad\u0131\u011f\u0131n\u0131 da kelamlar\u0131na ekledi.<\/p>\n<p> <strong>&#8220;T\u00dcRK\u0130YE&#8217;DE G\u00d6Z NAZARAN G\u00d6RE YANILGILAR OLUYOR&#8221;<\/strong><\/p>\n<p> D\u00fcnyan\u0131n her yerinde hakem yan\u0131lg\u0131lar\u0131 oldu\u011funa dikkati \u00e7eken Mehmet Topal, <strong>&#8220;Kasti olmad\u0131k\u00e7a sorun yok do\u011fal. Hepimiz yan\u0131lg\u0131 yapaca\u011f\u0131z lakin bakt\u0131\u011f\u0131n\u0131zda Romanya&#8217;da bir iki ma\u00e7 makus bir durum oldu fakat T\u00fcrkiye&#8217;deki yahut Avrupa&#8217;daki \u00fczere ses getirmedi. Bu kadar g\u00f6z nazaran g\u00f6re olmuyor. T\u00fcrkiye&#8217;de g\u00f6z nazaran g\u00f6re kusurlar oluyor. VAR yokken daha az yanl\u0131\u015flar oluyordu. Karmakar\u0131\u015f\u0131k bir durum olabiliyor. Bu hafta lehine verilen kararda bir sonraki hafta aleyhine verilen kararlar olabiliyor&#8221;<\/strong> tabirlerini kulland\u0131.<\/p>\n<p> <strong>&#8220;IVAN BEBEK OLMASA F\u0130NAL OYNAYAB\u0130L\u0130RD\u0130K&#8221;<\/strong><\/p>\n<p> Mehmet Topal Fenerbah\u00e7e ile Avrupa kupalar\u0131nda u\u011fra\u015f ederken Braga ma\u00e7\u0131nda ya\u015fanan Ivan Bebek facias\u0131ndan da bahsetti. O ma\u00e7tan sonra hakemli\u011fi b\u0131rakt\u0131\u011f\u0131n\u0131 lisana getiren Topal, <strong>&#8220;O sene final oynayabilecek durumdayd\u0131k. UEFA Avrupa Kupas\u0131&#8217;nda yeterli oynayan bir grup vard\u0131. O ma\u00e7 olmasa final oynard\u0131k durdurulamazd\u0131k&#8221;<\/strong> s\u00f6zlerini kulland\u0131.<\/p>\n<p> <strong>&#8220;YABANCI HAKEME KAR\u015eIYIM&#8221;<\/strong><\/p>\n<p> Futbolculuk periyodunda d\u00fczg\u00fcn irtibat\u0131 olan hakemler oldu\u011funu lisana getiren Topal, \u015fu tabirleri kulland\u0131: <strong>&#8220;\u015eu an \u00e7ok gen\u00e7 hakemlerimiz var tamam y\u00fczde y\u00fcz g\u00fcvenmemiz gerekiyor fakat birtak\u0131m \u015feyleri ba\u015farmak istiyorsak performans g\u00f6stermemiz gerekiyor. Bizlerin s\u00f6ylemesiyle itimat olmuyor. Yabac\u0131 hakeme ki\u015fiselde kar\u015f\u0131y\u0131m. \u00c7ok yetenekli hakemlerimiz var, gelecekte de olacakt\u0131r. Ancak \u00e7ok kar\u0131\u015f\u0131k ve kimsenin sorumlu\u011fu almad\u0131\u011f\u0131 bir sistem var. G\u00fcvenelim hepsine her yerde ba\u015far\u0131l\u0131 olsunlar fakat bir \u015feyleri kan\u0131tlamak istiyorsak, T\u00fcrk hakemlerinin devam\u0131n\u0131 istiyorsak yeterli de bir performans sergilemeleri gerekiyor.&#8221;<\/strong><\/p>\n<p> <strong>OKAN BURUK A\u00c7IKLAMASI<\/strong><\/p>\n<p> Galatasaray Teknik Y\u00f6neticisi Okan Buruk&#8217;un t\u0131rnaklar\u0131yla kaz\u0131yarak bug\u00fcnlere geldi\u011fini belirten Mehmet Topal, <strong>&#8220;\u00c7ok \u015fiddetli s\u00fcre\u00e7lerden ge\u00e7erek gelen bir Okan hoca var. Ba\u015fak\u015fehir ve Galatasaray&#8217;da \u015fampiyonluklar ya\u015fad\u0131. Eksiksiz bir mesle\u011fe sahip. Birlikte futbol da oynad\u0131k, hocal\u0131\u011f\u0131m\u0131 da yapt\u0131. \u00c7al\u0131\u015ft\u0131\u011f\u0131 teknik adamlardan edindi\u011fi m\u00fc\u015fahedeler de ona katk\u0131 sa\u011fl\u0131yordur. Vakit zaman ufak s\u00fcrt\u00fc\u015fmelerimiz olsa da saha i\u00e7i ve saha d\u0131\u015f\u0131nda sorun ya\u015famad\u0131\u011f\u0131m daima yeterli anla\u015ft\u0131\u011f\u0131m hocamd\u0131. Hak edilmi\u015f bir mesle\u011fe sahip. Yan\u0131lg\u0131lar\u0131 olmu\u015ftur lakin g\u00fczeliyle k\u00f6t\u00fcs\u00fcyle muazzam bir mesle\u011fe sahip ve \u00e7ok daha yeterli olacakt\u0131r. Avrupa&#8217;da \u00e7ok daha \u00e2l\u00e2 kul\u00fcplerde \u00e7al\u0131\u015facakt\u0131r diye \u00fcmit ediyorum&#8221;<\/strong> dedi.<\/p>\n<p> <strong>MILAN SKRINIAR<\/strong><\/p>\n<p> Topal, Galatasaray ve Fenerbah\u00e7e ile ismi an\u0131lan Milan Skriniar i\u00e7in ise <strong>&#8220;Hangi grup al\u0131rsa \u00e7ok b\u00fcy\u00fck bir i\u015f ve katk\u0131 yapm\u0131\u015f olur&#8221;<\/strong> s\u00f6zlerini kulland\u0131.<\/p>\n<p> <strong>&#8220;M\u00dcCADELE ETMES\u0130 GEREK\u0130YOR&#8221;<\/strong><\/p>\n<p> Fenerbah\u00e7eli futbolcu Samet Akaydin&#8217;in grupta kalmas\u0131 ve u\u011fra\u015f etmesi gerekti\u011fini vurgulayan Mehmet Topal, <strong>&#8220;Her yanl\u0131\u015ftan sonra b\u0131rak\u0131p gitmek yanl\u0131\u015fs\u0131z de\u011fil. Samet \u00e7ok kaliteli ve ger\u00e7ek bir oyuncu. Bir iki kolay yan\u0131lg\u0131 genel manadaki ger\u00e7ek performans\u0131n\u0131n \u00f6n\u00fcne ge\u00e7iyor. Ki\u015fisel yanl\u0131\u015flar\u0131 konu\u015fmay\u0131 seven, alg\u0131 yap\u0131p vurmay\u0131 seven toplum haline d\u00f6n\u00fc\u015ft\u00fck. Fenerbah\u00e7e \u00e7ok \u00f6zel ve muazzam bir topluluk. Orada oynayarak buralara gelmek kolay elde edilecek bir durum de\u011fil. Ne olursa olsun kula\u011f\u0131n\u0131 t\u0131kay\u0131p zorluklarla \u00e7aba etmesi gerekir. Fenerbah\u00e7e trib\u00fcnleri Samet bir \u015feyler g\u00f6sterdi\u011finde ba\u011fr\u0131na basacakt\u0131r. \u00c7aba etmeyip k\u00fcserse al\u0131\u015f\u0131lm\u0131\u015f ki ister istemez reaksiyon \u00e7ekecektir. Taraftarlar\u0131 da gayretiyle kazanacakt\u0131r. Neler ya\u015f\u0131yor bilemeyiz ola\u011fan lakin ne olursa olsun bu oyunun ho\u015f mod\u00fcl\u00fc. D\u00fcnyan\u0131n en uygun oyuncular\u0131 da en kritik anlarda yan\u0131lg\u0131 yapabiliyor&#8221;<\/strong> dedi.<\/p>\n<p> <strong>&#8220;\u015eU ANK\u0130 PERFORMANSI YAKI\u015eMIYOR&#8221;<\/strong><\/p>\n<p> Cengiz \u00dcnder&#8217;in performans\u0131 ile ilgili de konu\u015fan Topal,<strong> &#8220;\u00c7ok gen\u00e7 ya\u015f\u0131ndan beri tan\u0131yorum. \u00c7ok \u00e2l\u00e2 bir yetene\u011fi var. \u015eu anki performans\u0131 yak\u0131\u015fm\u0131yor. \u00d6zg\u00fcven eksikli\u011fi de var. 3-4 ma\u00e7 daima forma verilirse eski formunu yakalayacakt\u0131r. Fenerbah\u00e7e&#8217;nin de Cengiz&#8217;in de eski formuna \u00e7ok gereksinimi var. Bir an evvel toparlamas\u0131 gerekiyor. D\u00f6nem ba\u015f\u0131nda konu\u015fmu\u015ftuk &#8216;iyi gidiyor, benim i\u00e7in d\u00fczg\u00fcn olacak&#8217; diyordu umar\u0131m yakalar o durumu<\/strong>&#8221; tabirlerini kulland\u0131.<\/p>\n<p> <strong>&#8220;\u0130Y\u0130 TEKL\u0130FLER GELECEKT\u0130R&#8221;<\/strong><\/p>\n<p> Yerli oyuncular\u0131n gruba katk\u0131s\u0131n\u0131n \u00e7ok k\u0131ymetli oldu\u011funu kaydeden Topal, &#8220;<strong>Tak\u0131m\u0131n k\u00fclt\u00fcr\u00fcn\u00fc tabiat\u0131n\u0131 taraftar\u0131n ba\u011fl\u0131l\u0131\u011f\u0131n\u0131 yabanc\u0131 oyuncular\u0131n yerli oyunculardan g\u00f6rmesi daha yanl\u0131\u015fs\u0131z bence. Galatasaray&#8217;da Bar\u0131\u015f Alper Y\u0131lmaz ve Yunus Akg\u00fcn, performanslar\u0131n\u0131 s\u00fcrd\u00fcr\u00fcp \u00fcst\u00fcne \u00e7\u0131karlarsa kolay kolay tutamayacaklard\u0131r. Bar\u0131\u015f birka\u00e7 d\u00f6nemdir g\u00fczel bir performans sergiledi. Yunus da bu d\u00f6nem \u00e7ok yeterli performans sergiliyor. Biraz \u00fcst\u00fcne \u00e7\u0131karlarsa \u00e2l\u00e2 teklifler gelecektir&#8221;<\/strong> formunda konu\u015ftu.<\/p>\n<p> <strong>JOSE MOURINHO YORUMU<\/strong><\/p>\n<p> Teknik y\u00f6netici Jose Mourinho&#8217;nun kaybedilmemesi gerekti\u011fini lisana getiren Mehmet Topal, <strong>&#8220;Ama Fenerbah\u00e7e de birtak\u0131m \u015feyleri kaybetmemeli. Hakikaten bizim \u00fclkemizin ligi d\u00fcnyan\u0131n en zor ligi, bask\u0131n\u0131n her bi\u00e7imi var. Mourinho da bence \u00fclkemizi tan\u0131yor evresini ge\u00e7mi\u015ftir diye d\u00fc\u015f\u00fcn\u00fcyorum. Bir sefer konu\u015ftu\u011fumuz isim Mourinho. D\u00fcnyan\u0131 en yeterli teknik adamlar\u0131n\u0131 sayal\u0131m diye sorsak ismi birinci 3&#8217;te yer al\u0131r. Ligimizi insanlar\u0131m\u0131z\u0131 k\u00fclt\u00fcr\u00fcm\u00fcz\u00fc tan\u0131d\u0131\u011f\u0131n\u0131 d\u00fc\u015f\u00fcn\u00fcyorum. D\u00f6nemin ikinci yar\u0131s\u0131 var neler olacak bilmiyoruz \u015fu an lakin bakt\u0131\u011f\u0131m\u0131zda Mourinho \u00fczere bir isim hem \u00fclkemiz ismine hem de Fenerbah\u00e7e ismine \u00f6nemli&#8221;<\/strong> dedi.<\/p>\n<p> <strong>FENERBAH\u00c7E&#8217;DEN TEKL\u0130F ALDI MI?<\/strong><\/p>\n<p> Topal, Fenerbah\u00e7e&#8217;de Mourinho&#8217;nun yard\u0131mc\u0131l\u0131\u011f\u0131 teklifi geldi\u011fi durumda yer al\u0131p almayaca\u011f\u0131 \u015feklide y\u00f6neltilen bir soruya ise \u015fu yan\u0131t\u0131 verdi: &#8220;<strong>\u00d6yle bir teklif gelmedi. Kolay olmuyor 7-8 ayd\u0131r bir grubun sorumlulu\u011fu var. Kolay verilebilecek bir karar de\u011fil. Yan\u0131mda olan insanlar\u0131 da d\u00fc\u015f\u00fcnmem gerekiyor.&#8221;<\/strong><\/p>\n<\/div>\n","protected":false},"excerpt":{"rendered":"<p>Mehmet Topal, Fenerbah\u00e7e&#8217;den yard\u0131mc\u0131 antren\u00f6rl\u00fck teklifi al\u0131p almad\u0131\u011f\u0131 istikametindeki soruya yan\u0131t verdi ve bu t\u00fcrl\u00fc bir teklif gelmedi\u011fini s\u00f6yledi.<\/p>\n","protected":false},"author":1,"featured_media":6536,"comment_status":"open","ping_status":"open","sticky":false,"template":"","format":"standard","meta":{"footnotes":""},"categories":[25],"tags":[877,115,172,876,875],"class_list":["post-6535","post","type-post","status-publish","format-standard","has-post-thumbnail","hentry","category-futbol","tag-adi","tag-fenerbahce","tag-futbol","tag-kolay","tag-topal"],"_links":{"self":[{"href":"https:\/\/haberbesiktas.tr\/index.php?rest_route=\/wp\/v2\/posts\/6535","targetHints":{"allow":["GET"]}}],"collection":[{"href":"https:\/\/haberbesiktas.tr\/index.php?rest_route=\/wp\/v2\/posts"}],"about":[{"href":"https:\/\/haberbesiktas.tr\/index.php?rest_route=\/wp\/v2\/types\/post"}],"author":[{"embeddable":true,"href":"https:\/\/haberbesiktas.tr\/index.php?rest_route=\/wp\/v2\/users\/1"}],"replies":[{"embeddable":true,"href":"https:\/\/haberbesiktas.tr\/index.php?rest_route=%2Fwp%2Fv2%2Fcomments&post=6535"}],"version-history":[{"count":1,"href":"https:\/\/haberbesiktas.tr\/index.php?rest_route=\/wp\/v2\/posts\/6535\/revisions"}],"predecessor-version":[{"id":6538,"href":"https:\/\/haberbesiktas.tr\/index.php?rest_route=\/wp\/v2\/posts\/6535\/revisions\/6538"}],"wp:featuredmedia":[{"embeddable":true,"href":"https:\/\/haberbesiktas.tr\/index.php?rest_route=\/wp\/v2\/media\/6536"}],"wp:attachment":[{"href":"https:\/\/haberbesiktas.tr\/index.php?rest_route=%2Fwp%2Fv2%2Fmedia&parent=6535"}],"wp:term":[{"taxonomy":"category","embeddable":true,"href":"https:\/\/haberbesiktas.tr\/index.php?rest_route=%2Fwp%2Fv2%2Fcategories&post=6535"},{"taxonomy":"post_tag","embeddable":true,"href":"https:\/\/haberbesiktas.tr\/index.php?rest_route=%2Fwp%2Fv2%2Ftags&post=6535"}],"curies":[{"name":"wp","href":"https:\/\/api.w.org\/{rel}","templated":true}]}}