{"id":6542,"date":"2025-01-26T21:47:40","date_gmt":"2025-01-26T21:47:40","guid":{"rendered":"https:\/\/haberbesiktas.tr\/?p=6542"},"modified":"2025-01-26T21:47:40","modified_gmt":"2025-01-26T21:47:40","slug":"suns-ve-heat-arasinda-beal-takasiyla-ilgili-ilerleme-yok","status":"publish","type":"post","link":"https:\/\/haberbesiktas.tr\/?p=6542","title":{"rendered":"Suns ve Heat aras\u0131nda, Beal takas\u0131yla ilgili &#8220;ilerleme yok&#8221;"},"content":{"rendered":"<div>Phoenix Suns ve Miami Heat ortas\u0131nda muhtemel bir Bradley Beal takas\u0131 konusunda hi\u00e7bir ilerleme kaydedilmedi\u011fi sav edildi.<\/p>\n<p> Beal&#8217;\u0131n ismi, Jimmy Butler&#8217;\u0131 Heat&#8217;ten Suns&#8217;a ta\u015f\u0131yacak muhtemel takaslarda ge\u00e7meye devam ederken, Suns guard\u0131n\u0131n kontrat\u0131ndaki takas vetosu unsuru sebebiyle Miami&#8217;ye yahut \u00fc\u00e7\u00fcnc\u00fc bir gruba gidi\u015fini onaylama konusunda son kelam kendisinde bulunuyor.<\/p>\n<p> Lakin Beal&#8217;\u0131n menajeri Mark Bartelstein, yak\u0131n vakitte yapt\u0131\u011f\u0131 \u00fczere, oyuncusunun oda\u011f\u0131n\u0131n nerede oldu\u011funu \u015fu s\u00f6zlerle yineledi:<\/p>\n<p> <strong>&#8220;Brad&#8217;in t\u00fcm oda\u011f\u0131 Suns&#8217;\u0131n ma\u00e7 kazanmas\u0131na ve d\u00f6nemini bilakis \u00e7evirmesine yard\u0131mc\u0131 olmak. Ortaya at\u0131lan \u00f6b\u00fcr her \u015fey sa\u00e7mal\u0131ktan ibaret.&#8221;<\/strong><\/p>\n<p> Bartelstein ayr\u0131yeten Beal&#8217;\u0131n, Suns ve Heat ortas\u0131nda ger\u00e7ekle\u015febilecek rastgele bir takas\u0131n oda\u011f\u0131nda yer <strong>almad\u0131\u011f\u0131n\u0131<\/strong> ve bu hususta bir ilerleme <strong>kaydedilmedi\u011fini<\/strong> de a\u00e7\u0131k\u00e7a kelamlar\u0131na ekledi.<\/p>\n<p> Suns, Butler&#8217;\u0131n tercih etti\u011fi ama\u00e7 noktas\u0131 olmaya devam ediyor. Fakat, Phoenix&#8217;e yap\u0131lacak bir takas, Beal&#8217;\u0131n takas vetosu hususu ve Suns&#8217;\u0131n ikinci apron kadrosu olarak k\u00fclfet ya\u015fad\u0131\u011f\u0131 takas k\u0131s\u0131tlamalar\u0131 nedeniyle, durum karma\u015f\u0131k olmay\u0131 s\u00fcrd\u00fcr\u00fcyor.<\/p>\n<\/div>\n","protected":false},"excerpt":{"rendered":"<p>Phoenix Suns ve Miami Heat ortas\u0131nda muhtemel bir Bradley Beal takas\u0131 konusunda hi\u00e7bir ilerleme kaydedilmedi\u011fi tez edildi.<\/p>\n","protected":false},"author":1,"featured_media":6543,"comment_status":"open","ping_status":"open","sticky":false,"template":"","format":"standard","meta":{"footnotes":""},"categories":[10],"tags":[214,140],"class_list":["post-6542","post","type-post","status-publish","format-standard","has-post-thumbnail","hentry","category-basketbol","tag-suns","tag-takas"],"_links":{"self":[{"href":"https:\/\/haberbesiktas.tr\/index.php?rest_route=\/wp\/v2\/posts\/6542","targetHints":{"allow":["GET"]}}],"collection":[{"href":"https:\/\/haberbesiktas.tr\/index.php?rest_route=\/wp\/v2\/posts"}],"about":[{"href":"https:\/\/haberbesiktas.tr\/index.php?rest_route=\/wp\/v2\/types\/post"}],"author":[{"embeddable":true,"href":"https:\/\/haberbesiktas.tr\/index.php?rest_route=\/wp\/v2\/users\/1"}],"replies":[{"embeddable":true,"href":"https:\/\/haberbesiktas.tr\/index.php?rest_route=%2Fwp%2Fv2%2Fcomments&post=6542"}],"version-history":[{"count":1,"href":"https:\/\/haberbesiktas.tr\/index.php?rest_route=\/wp\/v2\/posts\/6542\/revisions"}],"predecessor-version":[{"id":6544,"href":"https:\/\/haberbesiktas.tr\/index.php?rest_route=\/wp\/v2\/posts\/6542\/revisions\/6544"}],"wp:featuredmedia":[{"embeddable":true,"href":"https:\/\/haberbesiktas.tr\/index.php?rest_route=\/wp\/v2\/media\/6543"}],"wp:attachment":[{"href":"https:\/\/haberbesiktas.tr\/index.php?rest_route=%2Fwp%2Fv2%2Fmedia&parent=6542"}],"wp:term":[{"taxonomy":"category","embeddable":true,"href":"https:\/\/haberbesiktas.tr\/index.php?rest_route=%2Fwp%2Fv2%2Fcategories&post=6542"},{"taxonomy":"post_tag","embeddable":true,"href":"https:\/\/haberbesiktas.tr\/index.php?rest_route=%2Fwp%2Fv2%2Ftags&post=6542"}],"curies":[{"name":"wp","href":"https:\/\/api.w.org\/{rel}","templated":true}]}}