{"id":6548,"date":"2025-01-26T22:35:41","date_gmt":"2025-01-26T22:35:41","guid":{"rendered":"https:\/\/haberbesiktas.tr\/?p=6548"},"modified":"2025-01-26T22:35:41","modified_gmt":"2025-01-26T22:35:41","slug":"a-milli-kadin-hentbol-takiminda-david-ginesta-montes-donemi","status":"publish","type":"post","link":"https:\/\/haberbesiktas.tr\/?p=6548","title":{"rendered":"A Milli Kad\u0131n Hentbol Tak\u0131m\u0131&#8217;nda David Ginesta Montes d\u00f6nemi"},"content":{"rendered":"<p>A Ulusal Bayan Hentbol Grubu&#8217;nda ba\u015fantren\u00f6rl\u00fck vazifesine, \u0130spanyol David Ginesta Montes getirildi.<\/p>\n<p> T\u00fcrkiye Hentbol Federasyonundan yap\u0131lan a\u00e7\u0131klamada, &#8220;Yeni ba\u015fantren\u00f6r\u00fcm\u00fcz David Ginesta Montes&#8217;e muvaffakiyetler diliyor, ekibimizle birlikte yeni zaferlere imza atmas\u0131n\u0131 temenni ediyoruz.&#8221; denildi.<\/p>\n<p> Costica Buceschi ile yollar\u0131n ayr\u0131lmas\u0131 sonras\u0131 vazifeye getirilen 37 ya\u015f\u0131ndaki Montes&#8217;in, mesle\u011finde Romanya, \u0130spanya ve Angola&#8217;da kul\u00fcp ve ulusal ekiplerde \u00e7al\u0131\u015ft\u0131\u011f\u0131 belirtildi.<\/p>\n<p> Montes&#8217;in, CS Rapid B\u00fckre\u015f ile Romanya Ligi&#8217;nde \u015fampiyonluk ya\u015fad\u0131\u011f\u0131, EHF \u015eampiyonlar Ligi&#8217;nde \u00e7eyrek finalde \u00e7aba etti\u011fi aktar\u0131ld\u0131.<\/p>\n","protected":false},"excerpt":{"rendered":"<p>A Ulusal Bayan Hentbol Kadrosu&#8217;nun yeni ba\u015fantren\u00f6r\u00fc David Ginesta Montes oldu.<\/p>\n","protected":false},"author":1,"featured_media":6549,"comment_status":"open","ping_status":"open","sticky":false,"template":"","format":"standard","meta":{"footnotes":""},"categories":[27],"tags":[],"class_list":["post-6548","post","type-post","status-publish","format-standard","has-post-thumbnail","hentry","category-guncel-haberler"],"_links":{"self":[{"href":"https:\/\/haberbesiktas.tr\/index.php?rest_route=\/wp\/v2\/posts\/6548","targetHints":{"allow":["GET"]}}],"collection":[{"href":"https:\/\/haberbesiktas.tr\/index.php?rest_route=\/wp\/v2\/posts"}],"about":[{"href":"https:\/\/haberbesiktas.tr\/index.php?rest_route=\/wp\/v2\/types\/post"}],"author":[{"embeddable":true,"href":"https:\/\/haberbesiktas.tr\/index.php?rest_route=\/wp\/v2\/users\/1"}],"replies":[{"embeddable":true,"href":"https:\/\/haberbesiktas.tr\/index.php?rest_route=%2Fwp%2Fv2%2Fcomments&post=6548"}],"version-history":[{"count":1,"href":"https:\/\/haberbesiktas.tr\/index.php?rest_route=\/wp\/v2\/posts\/6548\/revisions"}],"predecessor-version":[{"id":6550,"href":"https:\/\/haberbesiktas.tr\/index.php?rest_route=\/wp\/v2\/posts\/6548\/revisions\/6550"}],"wp:featuredmedia":[{"embeddable":true,"href":"https:\/\/haberbesiktas.tr\/index.php?rest_route=\/wp\/v2\/media\/6549"}],"wp:attachment":[{"href":"https:\/\/haberbesiktas.tr\/index.php?rest_route=%2Fwp%2Fv2%2Fmedia&parent=6548"}],"wp:term":[{"taxonomy":"category","embeddable":true,"href":"https:\/\/haberbesiktas.tr\/index.php?rest_route=%2Fwp%2Fv2%2Fcategories&post=6548"},{"taxonomy":"post_tag","embeddable":true,"href":"https:\/\/haberbesiktas.tr\/index.php?rest_route=%2Fwp%2Fv2%2Ftags&post=6548"}],"curies":[{"name":"wp","href":"https:\/\/api.w.org\/{rel}","templated":true}]}}