{"id":6667,"date":"2025-01-27T08:47:40","date_gmt":"2025-01-27T08:47:40","guid":{"rendered":"https:\/\/haberbesiktas.tr\/?p=6667"},"modified":"2025-01-27T08:47:40","modified_gmt":"2025-01-27T08:47:40","slug":"besiktas-mert-gunok-ile-sozlesme-uzatti","status":"publish","type":"post","link":"https:\/\/haberbesiktas.tr\/?p=6667","title":{"rendered":"Be\u015fikta\u015f Mert G\u00fcnok ile s\u00f6zle\u015fme uzatt\u0131!"},"content":{"rendered":"<div>Be\u015fikta\u015f, Mert G\u00fcnok ile 2+1 y\u0131ll\u0131k yeni kontrat imzaland\u0131\u011f\u0131n\u0131 duyurdu.<\/p>\n<p> <strong>\u0130\u015eTE BE\u015e\u0130KTA\u015e&#8217;IN A\u00c7IKLAMASI<\/strong><\/p>\n<p> Kul\u00fcpten yap\u0131lan a\u00e7\u0131klamada, &#8220;Kul\u00fcb\u00fcm\u00fcz, profesyonel futbolcumuz Mert G\u00fcnok&#8217;la 2+1 y\u0131ll\u0131k yeni kontrat imzalad\u0131. BJK Nevzat Demir Tesisleri&#8217;nde Lider Serdal Adal\u0131 ile bir ortaya gelen Mert G\u00fcnok, yeni mukaveleyi imzalad\u0131. Serdal Adal\u0131, yeni devirde Mert G\u00fcnok&#8217;a muvaffakiyetlerinin devam\u0131n\u0131 diledi.&#8221; denildi.<\/p>\n<p><strong>&#8220;G\u00dcZEL G\u00dcNLER YA\u015eAYACA\u011eIZ&#8221;<\/strong><\/p>\n<p> Be\u015fikta\u015f&#8217;la yeni kontrat imzalad\u0131\u011f\u0131 i\u00e7in \u00e7ok keyifli oldu\u011funu tabir eden Mert G\u00fcnok, \u015funlar\u0131 s\u00f6yledi:<\/p>\n<p> &#8220;\u00c7ok memnunum. Bu g\u00fczide kul\u00fcpte iki y\u0131l daha forma giyece\u011fim. Futbolu Be\u015fikta\u015f&#8217;ta b\u0131rakma niyetim oldu\u011funu daha evvel belirtmi\u015ftim. \u0130n\u015fallah daha ho\u015f g\u00fcnleri birlikte ya\u015fayaca\u011f\u0131z. Yeni hocam\u0131za iyi olsun demek istiyorum. Daima bir arada daha g\u00fczel bir Be\u015fikta\u015f izletece\u011fiz. Futbolcular olarak hocam\u0131za yard\u0131mc\u0131 olaca\u011f\u0131z. Taraftarlar\u0131m\u0131z bizi desteklemeye devam ediyor. Taraftarlar\u0131m\u0131za daha ba\u015far\u0131l\u0131 bir futbol ve Be\u015fikta\u015f izletece\u011fiz&#8221;<\/p>\n<\/div>\n","protected":false},"excerpt":{"rendered":"<p>Be\u015fikta\u015f, Mert G\u00fcnok ile 2+1 y\u0131ll\u0131k yeni mukavele imzaland\u0131\u011f\u0131n\u0131 a\u00e7\u0131klad\u0131.<\/p>\n","protected":false},"author":1,"featured_media":6668,"comment_status":"open","ping_status":"open","sticky":false,"template":"","format":"standard","meta":{"footnotes":""},"categories":[25],"tags":[71,891],"class_list":["post-6667","post","type-post","status-publish","format-standard","has-post-thumbnail","hentry","category-futbol","tag-besiktas","tag-mert-gunok"],"_links":{"self":[{"href":"https:\/\/haberbesiktas.tr\/index.php?rest_route=\/wp\/v2\/posts\/6667","targetHints":{"allow":["GET"]}}],"collection":[{"href":"https:\/\/haberbesiktas.tr\/index.php?rest_route=\/wp\/v2\/posts"}],"about":[{"href":"https:\/\/haberbesiktas.tr\/index.php?rest_route=\/wp\/v2\/types\/post"}],"author":[{"embeddable":true,"href":"https:\/\/haberbesiktas.tr\/index.php?rest_route=\/wp\/v2\/users\/1"}],"replies":[{"embeddable":true,"href":"https:\/\/haberbesiktas.tr\/index.php?rest_route=%2Fwp%2Fv2%2Fcomments&post=6667"}],"version-history":[{"count":1,"href":"https:\/\/haberbesiktas.tr\/index.php?rest_route=\/wp\/v2\/posts\/6667\/revisions"}],"predecessor-version":[{"id":6669,"href":"https:\/\/haberbesiktas.tr\/index.php?rest_route=\/wp\/v2\/posts\/6667\/revisions\/6669"}],"wp:featuredmedia":[{"embeddable":true,"href":"https:\/\/haberbesiktas.tr\/index.php?rest_route=\/wp\/v2\/media\/6668"}],"wp:attachment":[{"href":"https:\/\/haberbesiktas.tr\/index.php?rest_route=%2Fwp%2Fv2%2Fmedia&parent=6667"}],"wp:term":[{"taxonomy":"category","embeddable":true,"href":"https:\/\/haberbesiktas.tr\/index.php?rest_route=%2Fwp%2Fv2%2Fcategories&post=6667"},{"taxonomy":"post_tag","embeddable":true,"href":"https:\/\/haberbesiktas.tr\/index.php?rest_route=%2Fwp%2Fv2%2Ftags&post=6667"}],"curies":[{"name":"wp","href":"https:\/\/api.w.org\/{rel}","templated":true}]}}