{"id":6754,"date":"2025-01-27T18:11:40","date_gmt":"2025-01-27T18:11:40","guid":{"rendered":"https:\/\/haberbesiktas.tr\/?p=6754"},"modified":"2025-01-27T18:11:40","modified_gmt":"2025-01-27T18:11:40","slug":"nuri-sahinli-dortmundun-dususu-suruyor","status":"publish","type":"post","link":"https:\/\/haberbesiktas.tr\/?p=6754","title":{"rendered":"Nuri \u015eahinli Dortmund&#8217;un d\u00fc\u015f\u00fc\u015f\u00fc s\u00fcr\u00fcyor!"},"content":{"rendered":"<div>Almanya Bundesliga 18. hafta ma\u00e7\u0131nda Borussia Dortmund, Eintracht Frankfurt ile kar\u015f\u0131la\u015ft\u0131. Frankfurt Arena&#8217;da oynanan ma\u00e7\u0131 konut sahibi tak\u0131m 2-0 kazand\u0131.<\/p>\n<p> Frankfurt&#8217;a galibiyeti getiren gol\u00fc 18. dakikada Hugo Ekitike, 90+2. dakikada ise Oscar Hojlund kaydetti.<\/p>\n<p> Nuri \u015eahin y\u00f6netimindeki Dortmund, ligde \u00fcst \u00fcste 3. yenilgisini ald\u0131. Frankfurt ise \u00fcst \u00fcste 3. galibiyetine ula\u015ft\u0131.<\/p>\n<p> Al\u0131nan bu sonucun akabinde Frankfurt puan\u0131n\u0131 36&#8217;ya \u00e7\u0131kard\u0131. Dortmund ise 25 puanda kald\u0131.<\/p>\n<p> Ligin bir sonraki haftas\u0131nda Dortmund, Werder Bremen ile oynayacak. Frankfurt ise Hoffenheim ile kar\u015f\u0131la\u015facak.<\/p>\n<\/div>\n","protected":false},"excerpt":{"rendered":"<p>Almanya Bundesliga 18. hafta ma\u00e7\u0131nda Borussia Dortmund, Eintracht Frankfurt&#8217;a 2-0 ma\u011flup oldu.<\/p>\n","protected":false},"author":1,"featured_media":6755,"comment_status":"open","ping_status":"open","sticky":false,"template":"","format":"standard","meta":{"footnotes":""},"categories":[25],"tags":[722],"class_list":["post-6754","post","type-post","status-publish","format-standard","has-post-thumbnail","hentry","category-futbol","tag-frankfurt"],"_links":{"self":[{"href":"https:\/\/haberbesiktas.tr\/index.php?rest_route=\/wp\/v2\/posts\/6754","targetHints":{"allow":["GET"]}}],"collection":[{"href":"https:\/\/haberbesiktas.tr\/index.php?rest_route=\/wp\/v2\/posts"}],"about":[{"href":"https:\/\/haberbesiktas.tr\/index.php?rest_route=\/wp\/v2\/types\/post"}],"author":[{"embeddable":true,"href":"https:\/\/haberbesiktas.tr\/index.php?rest_route=\/wp\/v2\/users\/1"}],"replies":[{"embeddable":true,"href":"https:\/\/haberbesiktas.tr\/index.php?rest_route=%2Fwp%2Fv2%2Fcomments&post=6754"}],"version-history":[{"count":1,"href":"https:\/\/haberbesiktas.tr\/index.php?rest_route=\/wp\/v2\/posts\/6754\/revisions"}],"predecessor-version":[{"id":6756,"href":"https:\/\/haberbesiktas.tr\/index.php?rest_route=\/wp\/v2\/posts\/6754\/revisions\/6756"}],"wp:featuredmedia":[{"embeddable":true,"href":"https:\/\/haberbesiktas.tr\/index.php?rest_route=\/wp\/v2\/media\/6755"}],"wp:attachment":[{"href":"https:\/\/haberbesiktas.tr\/index.php?rest_route=%2Fwp%2Fv2%2Fmedia&parent=6754"}],"wp:term":[{"taxonomy":"category","embeddable":true,"href":"https:\/\/haberbesiktas.tr\/index.php?rest_route=%2Fwp%2Fv2%2Fcategories&post=6754"},{"taxonomy":"post_tag","embeddable":true,"href":"https:\/\/haberbesiktas.tr\/index.php?rest_route=%2Fwp%2Fv2%2Ftags&post=6754"}],"curies":[{"name":"wp","href":"https:\/\/api.w.org\/{rel}","templated":true}]}}