{"id":6800,"date":"2025-01-27T22:11:40","date_gmt":"2025-01-27T22:11:40","guid":{"rendered":"https:\/\/haberbesiktas.tr\/?p=6800"},"modified":"2025-01-27T22:11:40","modified_gmt":"2025-01-27T22:11:40","slug":"jose-mourinho-bana-acil-stoper-lazim","status":"publish","type":"post","link":"https:\/\/haberbesiktas.tr\/?p=6800","title":{"rendered":"Jose Mourinho: &#8220;Bana acil stoper laz\u0131m&#8221;"},"content":{"rendered":"<div>Fenerbah\u00e7e&#8217;de cuma g\u00fcn\u00fc de\u011ferli bir toplant\u0131 yap\u0131ld\u0131.<\/p>\n<p> Lider Ali Ko\u00e7, asba\u015fkan Acun Il\u0131cal\u0131 ve teknik y\u00f6netici Jose Mourinho&#8217;nun bir ortaya geldi\u011fi \u00f6\u011frenildi. Toplant\u0131da transfer \u00e7al\u0131\u015fmalar\u0131nda ya\u015fanan son geli\u015fmelerin masaya yat\u0131r\u0131ld\u0131\u011f\u0131 ve Mourinho&#8217;ya bilgi verildi\u011fi kaydedildi.<\/p>\n<p> Portekizli hocan\u0131n, bilhassa stoper transferinin h\u0131zland\u0131r\u0131lmas\u0131n\u0131 talep etti\u011fi belirtildi.\u00a0<\/p>\n<div>\u00a0<\/div>\n<\/div>\n","protected":false},"excerpt":{"rendered":"<p>Jose Mourinho, Ali Ko\u00e7 ve Acun Il\u0131cal\u0131 ile yapt\u0131\u011f\u0131 transfer toplant\u0131s\u0131nda stoper transferinin s\u00fcratlice yap\u0131lmas\u0131n\u0131 talep etti.<\/p>\n","protected":false},"author":1,"featured_media":6801,"comment_status":"open","ping_status":"open","sticky":false,"template":"","format":"standard","meta":{"footnotes":""},"categories":[25],"tags":[],"class_list":["post-6800","post","type-post","status-publish","format-standard","has-post-thumbnail","hentry","category-futbol"],"_links":{"self":[{"href":"https:\/\/haberbesiktas.tr\/index.php?rest_route=\/wp\/v2\/posts\/6800","targetHints":{"allow":["GET"]}}],"collection":[{"href":"https:\/\/haberbesiktas.tr\/index.php?rest_route=\/wp\/v2\/posts"}],"about":[{"href":"https:\/\/haberbesiktas.tr\/index.php?rest_route=\/wp\/v2\/types\/post"}],"author":[{"embeddable":true,"href":"https:\/\/haberbesiktas.tr\/index.php?rest_route=\/wp\/v2\/users\/1"}],"replies":[{"embeddable":true,"href":"https:\/\/haberbesiktas.tr\/index.php?rest_route=%2Fwp%2Fv2%2Fcomments&post=6800"}],"version-history":[{"count":1,"href":"https:\/\/haberbesiktas.tr\/index.php?rest_route=\/wp\/v2\/posts\/6800\/revisions"}],"predecessor-version":[{"id":6802,"href":"https:\/\/haberbesiktas.tr\/index.php?rest_route=\/wp\/v2\/posts\/6800\/revisions\/6802"}],"wp:featuredmedia":[{"embeddable":true,"href":"https:\/\/haberbesiktas.tr\/index.php?rest_route=\/wp\/v2\/media\/6801"}],"wp:attachment":[{"href":"https:\/\/haberbesiktas.tr\/index.php?rest_route=%2Fwp%2Fv2%2Fmedia&parent=6800"}],"wp:term":[{"taxonomy":"category","embeddable":true,"href":"https:\/\/haberbesiktas.tr\/index.php?rest_route=%2Fwp%2Fv2%2Fcategories&post=6800"},{"taxonomy":"post_tag","embeddable":true,"href":"https:\/\/haberbesiktas.tr\/index.php?rest_route=%2Fwp%2Fv2%2Ftags&post=6800"}],"curies":[{"name":"wp","href":"https:\/\/api.w.org\/{rel}","templated":true}]}}