{"id":6810,"date":"2025-01-27T23:11:39","date_gmt":"2025-01-27T23:11:39","guid":{"rendered":"https:\/\/haberbesiktas.tr\/?p=6810"},"modified":"2025-01-27T23:11:39","modified_gmt":"2025-01-27T23:11:39","slug":"galatasaraydan-siki-pazarlik-walker","status":"publish","type":"post","link":"https:\/\/haberbesiktas.tr\/?p=6810","title":{"rendered":"Galatasaray&#8217;dan s\u0131k\u0131 pazarl\u0131k: Walker"},"content":{"rendered":"<div>Galatasaray, Manchester City&#8217;nin sa\u011f beki Kyle Walker&#8217;\u0131 kiralamak i\u00e7in g\u00f6r\u00fc\u015fmelere devam ediyor.<\/p>\n<p> 33 ya\u015f\u0131ndaki deneyimli futbolcunun yar\u0131m d\u00f6nemlik maliyetinin 4 milyon Euro oldu\u011fu belirtiliyor.<\/p>\n<p> <strong>GALATASARAY&#8217;IN HEDEF\u0130<\/strong><\/p>\n<p> Sar\u0131-K\u0131rm\u0131z\u0131l\u0131lar, bu say\u0131s\u0131 2 milyon Euro d\u00fczeyine \u00e7ekebilirse transfer g\u00f6r\u00fc\u015fmelerinde de\u011ferli bir basamak kaydedilecek. \u0130dare, maliyeti d\u00fc\u015f\u00fcrmenin yan\u0131 s\u0131ra uygun bir sat\u0131n alma opsiyonu i\u00e7in de masaya oturmay\u0131 planl\u0131yor.<\/p>\n<p> <strong>OKAN BURUK \u00c7OK \u0130ST\u0130YOR<\/strong><\/p>\n<p> Teknik Y\u00f6netici Okan Buruk&#8217;un, Walker \u00fczere tecr\u00fcbeli bir ismin kadroya kat\u0131lmas\u0131n\u0131n hem savunmay\u0131 g\u00fc\u00e7lendirece\u011fi hem de Avrupa gayelerinde de\u011ferli bir katk\u0131 sa\u011flayaca\u011f\u0131na inand\u0131\u011f\u0131 \u00f6\u011frenildi.<\/p>\n<p> <strong>MILAN DA G\u00d6R\u00dc\u015e\u00dcYOR<\/strong><\/p>\n<p> Galatasaray&#8217;la birlikte \u0130talyan devi Milan da \u0130ngiliz sa\u011f bek ile g\u00f6r\u00fc\u015fmelerde bulunuyor. Y\u0131ld\u0131z futbolcunun karar\u0131n\u0131 k\u0131sa m\u00fchlet i\u00e7inde vermesi bekleniyor.<\/p>\n<p> <strong>CITY \u0130LE SAYISIZ BA\u015eARI<\/strong><\/p>\n<p> 27 ya\u015f\u0131ndaki savunmac\u0131, Manchester City formas\u0131yla say\u0131s\u0131z muvaffakiyete imza atm\u0131\u015f ve \u0130ngiltere Ulusal Ekibi&#8217;nin da de\u011fi\u015filmez oyuncular\u0131 ortas\u0131nda yer alm\u0131\u015ft\u0131.<\/p>\n<p> Kadrosuyla 1.5 y\u0131ll\u0131k daha kontrat\u0131 bulunan Walker, bu d\u00f6nem 18 ma\u00e7ta forma giydi.\u00a0<\/p>\n<div>\u00a0<\/div>\n<\/div>\n","protected":false},"excerpt":{"rendered":"<p>Galatasaray, Manchester City&#8217;nin sa\u011f beki Kyle Walker&#8217;\u0131 kiralamak i\u00e7in g\u00f6r\u00fc\u015fmelerini s\u00fcrd\u00fcr\u00fcyor. \u0130\u015fte ayr\u0131nt\u0131lar&#8230;<\/p>\n","protected":false},"author":1,"featured_media":6811,"comment_status":"open","ping_status":"open","sticky":false,"template":"","format":"standard","meta":{"footnotes":""},"categories":[25],"tags":[],"class_list":["post-6810","post","type-post","status-publish","format-standard","has-post-thumbnail","hentry","category-futbol"],"_links":{"self":[{"href":"https:\/\/haberbesiktas.tr\/index.php?rest_route=\/wp\/v2\/posts\/6810","targetHints":{"allow":["GET"]}}],"collection":[{"href":"https:\/\/haberbesiktas.tr\/index.php?rest_route=\/wp\/v2\/posts"}],"about":[{"href":"https:\/\/haberbesiktas.tr\/index.php?rest_route=\/wp\/v2\/types\/post"}],"author":[{"embeddable":true,"href":"https:\/\/haberbesiktas.tr\/index.php?rest_route=\/wp\/v2\/users\/1"}],"replies":[{"embeddable":true,"href":"https:\/\/haberbesiktas.tr\/index.php?rest_route=%2Fwp%2Fv2%2Fcomments&post=6810"}],"version-history":[{"count":1,"href":"https:\/\/haberbesiktas.tr\/index.php?rest_route=\/wp\/v2\/posts\/6810\/revisions"}],"predecessor-version":[{"id":6812,"href":"https:\/\/haberbesiktas.tr\/index.php?rest_route=\/wp\/v2\/posts\/6810\/revisions\/6812"}],"wp:featuredmedia":[{"embeddable":true,"href":"https:\/\/haberbesiktas.tr\/index.php?rest_route=\/wp\/v2\/media\/6811"}],"wp:attachment":[{"href":"https:\/\/haberbesiktas.tr\/index.php?rest_route=%2Fwp%2Fv2%2Fmedia&parent=6810"}],"wp:term":[{"taxonomy":"category","embeddable":true,"href":"https:\/\/haberbesiktas.tr\/index.php?rest_route=%2Fwp%2Fv2%2Fcategories&post=6810"},{"taxonomy":"post_tag","embeddable":true,"href":"https:\/\/haberbesiktas.tr\/index.php?rest_route=%2Fwp%2Fv2%2Ftags&post=6810"}],"curies":[{"name":"wp","href":"https:\/\/api.w.org\/{rel}","templated":true}]}}