{"id":6813,"date":"2025-01-27T23:23:40","date_gmt":"2025-01-27T23:23:40","guid":{"rendered":"https:\/\/haberbesiktas.tr\/?p=6813"},"modified":"2025-01-27T23:23:40","modified_gmt":"2025-01-27T23:23:40","slug":"trabzonspor-mendy-icin-tok-satici","status":"publish","type":"post","link":"https:\/\/haberbesiktas.tr\/?p=6813","title":{"rendered":"Trabzonspor, Mendy i\u00e7in tok sat\u0131c\u0131"},"content":{"rendered":"<div>2023 yaz\u0131nda 4.5 milyon euro bonservis bedeliyle transfer edilen Batista Mendy&#8217;e Avrupa kul\u00fcplerinin ilgisi s\u00fcr\u00fcyor.<\/p>\n<p> Frans\u0131z bas\u0131n\u0131, Rennes&#8217;in Mendy i\u00e7in Trabzonspor&#8217;a teklif yapaca\u011f\u0131n\u0131 yazd\u0131. Ayr\u0131yeten \u0130ngiltere&#8217;nin Crystal Palace tak\u0131m\u0131, Mendy&#8217;i takip ediyor.<\/p>\n<p> Bu iki kul\u00fcb\u00fcn yan\u0131 s\u0131ra \u0130talya&#8217;dan kimi kadrolar ge\u00e7ti\u011fimiz y\u0131ldan bu yana Mendy&#8217;i yak\u0131ndan takip ediyor.<\/p>\n<p> Trabzonspor idaresi ise 15 milyon euro&#8217;nun alt\u0131nda bir say\u0131ya mutlaka 25 ya\u015f\u0131ndaki y\u0131ld\u0131z\u0131n\u0131 satmay\u0131 d\u00fc\u015f\u00fcnm\u00fcyor.<\/p>\n<\/div>\n","protected":false},"excerpt":{"rendered":"<p>Trabzonspor, Avrupa&#8217;dan bir\u00e7ok kul\u00fcb\u00fcn yak\u0131ndan takip etti\u011fi Batista Mendy i\u00e7in istedi\u011fi bonservis bedelini belirledi.<\/p>\n","protected":false},"author":1,"featured_media":6814,"comment_status":"open","ping_status":"open","sticky":false,"template":"","format":"standard","meta":{"footnotes":""},"categories":[25],"tags":[],"class_list":["post-6813","post","type-post","status-publish","format-standard","has-post-thumbnail","hentry","category-futbol"],"_links":{"self":[{"href":"https:\/\/haberbesiktas.tr\/index.php?rest_route=\/wp\/v2\/posts\/6813","targetHints":{"allow":["GET"]}}],"collection":[{"href":"https:\/\/haberbesiktas.tr\/index.php?rest_route=\/wp\/v2\/posts"}],"about":[{"href":"https:\/\/haberbesiktas.tr\/index.php?rest_route=\/wp\/v2\/types\/post"}],"author":[{"embeddable":true,"href":"https:\/\/haberbesiktas.tr\/index.php?rest_route=\/wp\/v2\/users\/1"}],"replies":[{"embeddable":true,"href":"https:\/\/haberbesiktas.tr\/index.php?rest_route=%2Fwp%2Fv2%2Fcomments&post=6813"}],"version-history":[{"count":1,"href":"https:\/\/haberbesiktas.tr\/index.php?rest_route=\/wp\/v2\/posts\/6813\/revisions"}],"predecessor-version":[{"id":6815,"href":"https:\/\/haberbesiktas.tr\/index.php?rest_route=\/wp\/v2\/posts\/6813\/revisions\/6815"}],"wp:featuredmedia":[{"embeddable":true,"href":"https:\/\/haberbesiktas.tr\/index.php?rest_route=\/wp\/v2\/media\/6814"}],"wp:attachment":[{"href":"https:\/\/haberbesiktas.tr\/index.php?rest_route=%2Fwp%2Fv2%2Fmedia&parent=6813"}],"wp:term":[{"taxonomy":"category","embeddable":true,"href":"https:\/\/haberbesiktas.tr\/index.php?rest_route=%2Fwp%2Fv2%2Fcategories&post=6813"},{"taxonomy":"post_tag","embeddable":true,"href":"https:\/\/haberbesiktas.tr\/index.php?rest_route=%2Fwp%2Fv2%2Ftags&post=6813"}],"curies":[{"name":"wp","href":"https:\/\/api.w.org\/{rel}","templated":true}]}}