{"id":6816,"date":"2025-01-27T23:35:40","date_gmt":"2025-01-27T23:35:40","guid":{"rendered":"https:\/\/haberbesiktas.tr\/?p=6816"},"modified":"2025-01-27T23:35:40","modified_gmt":"2025-01-27T23:35:40","slug":"pellegrini-mourinho-istese-agaca-kafa-atardik","status":"publish","type":"post","link":"https:\/\/haberbesiktas.tr\/?p=6816","title":{"rendered":"Pellegrini: &#8220;Mourinho istese a\u011faca kafa atard\u0131k&#8221;"},"content":{"rendered":"<div>2021-22 d\u00f6nemi ba\u015f\u0131nda imza att\u0131\u011f\u0131 Roma&#8217;y\u0131 16 Ocak 2024&#8217;e kadar \u00e7al\u0131\u015ft\u0131ran Jose Mourinho, kadronun de\u011ferli isimlerinden olan Lorenzo Pellegrini&#8217;nin unutulmazlar\u0131 ortas\u0131na girdi. <\/p>\n<p>28 ya\u015f\u0131ndaki \u0130talyan orta saha, Corriere dello Sport&#8217;a verdi\u011fi r\u00f6portajda Portekizli \u00e7al\u0131\u015ft\u0131r\u0131c\u0131ya \u00f6vg\u00fc ya\u011fd\u0131rd\u0131. Mourinho&#8217;nun motivasyon yetene\u011fine vurgu yapan Pellegrini, &#8220;\u0130zin g\u00fcn\u00fcm\u00fczde Mourinho&#8217;yu g\u00f6nderdiler. Bu bizim i\u00e7in bir \u015foktu zira kimse bunu beklemiyordu. Bizim i\u00e7in uygun bir an de\u011fildi. 2023 kas\u0131m ay\u0131n\u0131n sonunda vazifeden al\u0131naca\u011f\u0131n\u0131 duyduk. \u0130dareye giderek kendisini kovmaya gerek olmad\u0131\u011f\u0131n\u0131, Mourinho ile \u00e7al\u0131\u015fmaya devam etmek istedi\u011fimizi anlatt\u0131k. Jose ile mesle\u011fimin en ho\u015f y\u0131llar\u0131n\u0131 ya\u015fad\u0131m. Mourinho b\u00fcy\u00fcleyici, her ma\u00e7 \u00f6ncesi ba\u015f\u0131m\u0131z\u0131 a\u011faca vurmam\u0131z\u0131 isteseydi bunu hepimiz yapard\u0131k&#8221; dedi.<\/p>\n<p> <strong>EN HO\u015e YILLARIMDI<\/strong><\/p>\n<p> \u015eu anda Fenerbah\u00e7e&#8217;yi \u00e7al\u0131\u015ft\u0131ran Jose Mourinho, \u0130talyan tak\u0131m\u0131 Roma&#8217;n\u0131n ba\u015f\u0131nda 138 ma\u00e7a \u00e7\u0131kt\u0131 ve 68 galibiyet ald\u0131. 40 kere ma\u011flup olan Jose, 30 kar\u015f\u0131la\u015fmadan beraberlikle ayr\u0131ld\u0131 ve 1.70&#8217;lik puan ortalamas\u0131 tutturdu..<\/p>\n<\/div>\n","protected":false},"excerpt":{"rendered":"<p>Roma&#8217;n\u0131n 10 numaras\u0131 Lorenzo Pellegrini, eski hocas\u0131 Mourinho&#8217;nun kadrodaki tesirini anlatt\u0131.<\/p>\n","protected":false},"author":1,"featured_media":6817,"comment_status":"open","ping_status":"open","sticky":false,"template":"","format":"standard","meta":{"footnotes":""},"categories":[25],"tags":[704],"class_list":["post-6816","post","type-post","status-publish","format-standard","has-post-thumbnail","hentry","category-futbol","tag-mourinho"],"_links":{"self":[{"href":"https:\/\/haberbesiktas.tr\/index.php?rest_route=\/wp\/v2\/posts\/6816","targetHints":{"allow":["GET"]}}],"collection":[{"href":"https:\/\/haberbesiktas.tr\/index.php?rest_route=\/wp\/v2\/posts"}],"about":[{"href":"https:\/\/haberbesiktas.tr\/index.php?rest_route=\/wp\/v2\/types\/post"}],"author":[{"embeddable":true,"href":"https:\/\/haberbesiktas.tr\/index.php?rest_route=\/wp\/v2\/users\/1"}],"replies":[{"embeddable":true,"href":"https:\/\/haberbesiktas.tr\/index.php?rest_route=%2Fwp%2Fv2%2Fcomments&post=6816"}],"version-history":[{"count":1,"href":"https:\/\/haberbesiktas.tr\/index.php?rest_route=\/wp\/v2\/posts\/6816\/revisions"}],"predecessor-version":[{"id":6818,"href":"https:\/\/haberbesiktas.tr\/index.php?rest_route=\/wp\/v2\/posts\/6816\/revisions\/6818"}],"wp:featuredmedia":[{"embeddable":true,"href":"https:\/\/haberbesiktas.tr\/index.php?rest_route=\/wp\/v2\/media\/6817"}],"wp:attachment":[{"href":"https:\/\/haberbesiktas.tr\/index.php?rest_route=%2Fwp%2Fv2%2Fmedia&parent=6816"}],"wp:term":[{"taxonomy":"category","embeddable":true,"href":"https:\/\/haberbesiktas.tr\/index.php?rest_route=%2Fwp%2Fv2%2Fcategories&post=6816"},{"taxonomy":"post_tag","embeddable":true,"href":"https:\/\/haberbesiktas.tr\/index.php?rest_route=%2Fwp%2Fv2%2Ftags&post=6816"}],"curies":[{"name":"wp","href":"https:\/\/api.w.org\/{rel}","templated":true}]}}