{"id":6828,"date":"2025-01-28T01:11:39","date_gmt":"2025-01-28T01:11:39","guid":{"rendered":"https:\/\/haberbesiktas.tr\/?p=6828"},"modified":"2025-01-28T01:11:39","modified_gmt":"2025-01-28T01:11:39","slug":"osman-senher-galatasaray-bedelini-odedi","status":"publish","type":"post","link":"https:\/\/haberbesiktas.tr\/?p=6828","title":{"rendered":"Osman \u015eenher: &#8220;Galatasaray bedelini \u00f6dedi&#8221;"},"content":{"rendered":"<div>Osman \u015eenher, Galatasaray&#8217;\u0131n Hatayspor ile berabere kald\u0131\u011f\u0131 ma\u00e7\u0131 yorumlad\u0131.<\/p>\n<p> <strong>\u0130\u015eTE OSMAN \u015eENHER&#8217;\u0130N YORUMLARI<\/strong><\/p>\n<p>Galatasaray&#8217;\u0131n oynad\u0131\u011f\u0131 futbol, d\u00fcn gece beni \u015fa\u015f\u0131rtt\u0131. Hele o denli bir 45 dakika ya\u015fad\u0131k ki, g\u00fcya alanda Galatasaray yoktu. Rakip Hatayspor zay\u0131f bir ekip, \u00fczerine de fazla gelemiyor. Bu kaidelerde bile birinci gol\u00fc sar\u0131-k\u0131rm\u0131z\u0131l\u0131lar yiyor. G\u00fcld\u00fcr\u00fc \u00fczere&#8230;<\/p>\n<p> <strong>&#8220;O TOPLARI DE\u011eERLEND\u0130RECEKS\u0130N&#8221;<\/strong><\/p>\n<p>Top Kaan ve Abd\u00fclkerim&#8217;in ayaklar\u0131 ortas\u0131nda dola\u015f\u0131yor, gerisinde da Osimhen var. O topa nas\u0131l orada vurdurulur benim akl\u0131m alm\u0131yor. Haydi bunu da ge\u00e7tim, girilen o denli gol durumlar\u0131 var ki pes dedirtecek kadar. Bar\u0131\u015f Alper&#8217;in 3 net durumu var. Ancak karde\u015fim ge\u00e7en hafta ma\u00e7\u0131n y\u0131ld\u0131z\u0131yd\u0131n ancak d\u00fcn gece de hi\u00e7 kusura bakma kadrosuna 3 puan\u0131 ald\u0131rmayan futbolcu oldun. Osimhen de ka\u00e7\u0131rd\u0131 lakin adam o denli goll\u00fck paslar veriyor ki, art\u0131k o toplar\u0131 de\u011ferlendireceksin. De\u011ferlendirmezsen de ligin en zay\u0131f kadrosuna kar\u015f\u0131 iki puan kaybedersin.<\/p>\n<p> <strong>&#8220;TEDB\u0130RLER\u0130 ALMASI LAZIM&#8221;<\/strong><\/p>\n<p> Tamam, tek tarafl\u0131 ma\u00e7 oldu, kabul ediyorum. M\u00fcsabaka Galatasaray&#8217;\u0131n denetimindeydi. Rakip 3 defa geldi, neredeyse 3 gol atacakt\u0131. Defans kurgusu bir t\u00fcrl\u00fc orta alanla birle\u015femiyor. Kanatlardan gelen ya da kornerden gelen her topa rakip kafay\u0131 vuruyor. Savunma seyrediyor. Her ma\u00e7 bu bu t\u00fcrl\u00fc. Yenen gollere bak\u0131n, birbirinin kopyas\u0131. Dinamo Kiev, Ajax olmak \u00fczere \u00e7ok g\u00fc\u00e7 iki ma\u00e7 var. Okan Hoca&#8217;n\u0131n \u00f6nlemleri almas\u0131 laz\u0131m.<\/p>\n<p> <strong>&#8220;DAHA TEMPOLU, HIZLI OLMALI&#8221;<\/strong><\/p>\n<p> Kaan Ayhan sa\u011f bek oynuyor. \u00c7ocuk g\u00fczel niyetle u\u011fra\u015f ediyor bir \u015fey demiyorum lakin o mevkide oynayacak futbolcunun daha tempolu, daha h\u0131zl\u0131, daha \u00e7abuk olmas\u0131 gerek. Sallai g\u00fcya o mevkide Kaan&#8217;dan daha uygun rand\u0131man verecek \u00fczere g\u00f6r\u00fcn\u00fcyor. Yunus bu d\u00f6nemin y\u0131ld\u0131z\u0131 fakat o da Ba\u015fak\u015fehir ve Hatayspor kar\u015f\u0131s\u0131nda tekni\u011fini, h\u00fcnerlerini alana koyamad\u0131. Bir de anlayamad\u0131\u011f\u0131m, Yunus&#8217;a ve Bar\u0131\u015f&#8217;ta \u00e7al\u0131m atma hastal\u0131\u011f\u0131 var. Rakibi bir defa ge\u00e7erlerse \u00fc\u00e7 defa de top kayb\u0131 yap\u0131yorlar. Kaybettikleri her top rakip ata\u011f\u0131na d\u00f6n\u00fc\u015f\u00fcyor.<\/p>\n<p> <strong>&#8220;SARA&#8217;SIZ D\u00dc\u015e\u00dcN\u00dcLEMEZ&#8221;<\/strong><\/p>\n<p> Demek ki Sara&#8217;s\u0131z bir Cim Bom d\u00fc\u015f\u00fcn\u00fclemez. Sara ile birlikte kadronun futboluna da bir kalite geliyor. Bu kadar pas yan\u0131lg\u0131s\u0131 yapm\u0131yorlar. Osimhen \u00fczere b\u00fcy\u00fck bir y\u0131ld\u0131z\u0131n var, rakip iki savunma oyuncusuyla bo\u011fu\u015fuyor. Hi\u00e7 bir arkada\u015f\u0131 yan\u0131na gelip o blo\u011fu da\u011f\u0131tmak i\u00e7in Nijeryal\u0131 futbolcuya yard\u0131m etmiyor. Gel de Icardi&#8217;yi arama!<\/p>\n<p> <strong>&#8220;BEDEL\u0130 BU T\u00dcRL\u00dc A\u011eIR OLUR&#8221;<\/strong><\/p>\n<p> Bundan sonraki ma\u00e7larda d\u00fcn gece oldu\u011fu \u00fczere futbolcular\u0131n rakibini k\u00fc\u00e7\u00fcmsememesi laz\u0131m. K\u00fc\u00e7\u00fcmsersen i\u015fte bu t\u00fcrl\u00fc bedeli a\u011f\u0131r oluyor. Son kelam\u0131m de Bel\u00e7ikal\u0131 VAR hakemine&#8230; Defans futbolcusunun eli yerdeyken, top otuz santim y\u00fcksekten \u00fczerine gelirken, oyuncu elini kald\u0131r\u0131yor ve topa tokat at\u0131yor. Bu, d\u00fcnyan\u0131n her taraf\u0131nda, sana nazaran bana nazaran de\u011fil, kural olarak penalt\u0131d\u0131r.&#8221;\u00a0<\/p>\n<div>\u00a0<\/div>\n<\/div>\n","protected":false},"excerpt":{"rendered":"<p>Osman \u015eenher, Galatasaray&#8217;\u0131n Hatayspor ile berabere kald\u0131\u011f\u0131 ma\u00e7\u0131 k\u0131ymetlendirdi.<\/p>\n","protected":false},"author":1,"featured_media":6829,"comment_status":"open","ping_status":"open","sticky":false,"template":"","format":"standard","meta":{"footnotes":""},"categories":[25],"tags":[485,790,77,50,78],"class_list":["post-6828","post","type-post","status-publish","format-standard","has-post-thumbnail","hentry","category-futbol","tag-futbolcu","tag-gel","tag-gol","tag-mac","tag-top"],"_links":{"self":[{"href":"https:\/\/haberbesiktas.tr\/index.php?rest_route=\/wp\/v2\/posts\/6828","targetHints":{"allow":["GET"]}}],"collection":[{"href":"https:\/\/haberbesiktas.tr\/index.php?rest_route=\/wp\/v2\/posts"}],"about":[{"href":"https:\/\/haberbesiktas.tr\/index.php?rest_route=\/wp\/v2\/types\/post"}],"author":[{"embeddable":true,"href":"https:\/\/haberbesiktas.tr\/index.php?rest_route=\/wp\/v2\/users\/1"}],"replies":[{"embeddable":true,"href":"https:\/\/haberbesiktas.tr\/index.php?rest_route=%2Fwp%2Fv2%2Fcomments&post=6828"}],"version-history":[{"count":1,"href":"https:\/\/haberbesiktas.tr\/index.php?rest_route=\/wp\/v2\/posts\/6828\/revisions"}],"predecessor-version":[{"id":6830,"href":"https:\/\/haberbesiktas.tr\/index.php?rest_route=\/wp\/v2\/posts\/6828\/revisions\/6830"}],"wp:featuredmedia":[{"embeddable":true,"href":"https:\/\/haberbesiktas.tr\/index.php?rest_route=\/wp\/v2\/media\/6829"}],"wp:attachment":[{"href":"https:\/\/haberbesiktas.tr\/index.php?rest_route=%2Fwp%2Fv2%2Fmedia&parent=6828"}],"wp:term":[{"taxonomy":"category","embeddable":true,"href":"https:\/\/haberbesiktas.tr\/index.php?rest_route=%2Fwp%2Fv2%2Fcategories&post=6828"},{"taxonomy":"post_tag","embeddable":true,"href":"https:\/\/haberbesiktas.tr\/index.php?rest_route=%2Fwp%2Fv2%2Ftags&post=6828"}],"curies":[{"name":"wp","href":"https:\/\/api.w.org\/{rel}","templated":true}]}}