{"id":6843,"date":"2025-01-28T02:35:39","date_gmt":"2025-01-28T02:35:39","guid":{"rendered":"https:\/\/haberbesiktas.tr\/?p=6843"},"modified":"2025-01-28T02:35:39","modified_gmt":"2025-01-28T02:35:39","slug":"serdal-adali-solskjaeri-boyle-ikna-etti","status":"publish","type":"post","link":"https:\/\/haberbesiktas.tr\/?p=6843","title":{"rendered":"Serdal Adal\u0131, Solskjaer&#8217;i b\u00f6yle ikna etti"},"content":{"rendered":"<div>Be\u015fikta\u015f&#8217;ta teknik y\u00f6neticilik misyonu i\u00e7in Ole Gunnar Solskjaer ile muahede sa\u011fland\u0131.<\/p>\n<p> Son olarak Manchester United&#8217;da vazife yapan ve 21 Kas\u0131m 2021&#8217;de ayr\u0131ld\u0131ktan sonra di\u011fer bir yerde \u00e7al\u0131\u015fmayan Ole Gunnar Solskjaer, bunun nedenini &#8220;Kendi tercihim, heyecan verici inand\u0131\u011f\u0131m bir proje olursa d\u00f6nece\u011fim&#8221; diyerek a\u00e7\u0131klam\u0131\u015ft\u0131.<\/p>\n<p> Sabah Gazetesi&#8217;nin haberine g\u00f6re; Be\u015fikta\u015f Ba\u015fkan\u0131 Serdal Adal\u0131, tecr\u00fcbeli hocayla yapt\u0131\u011f\u0131 g\u00f6r\u00fc\u015fmede tam da kendisine heyecan verecek planlar\u0131ndan bahsetti.<\/p>\n<p><strong>\u0130STEKLER PARALEL<\/strong><\/p>\n<p> Yine yap\u0131lanma i\u00e7erisine girilece\u011fi ve scouting sisteminden teknik tak\u0131ma kadar yenilenmeye gidilece\u011fini aktaran Adal\u0131, tak\u0131m planlamas\u0131 ve transfer siyaseti i\u00e7in de Solskjaer&#8217;in isteklerine paralel s\u00f6zler kulland\u0131.<\/p>\n<p> Adal\u0131&#8217;n\u0131n, &#8220;Pop\u00fclist yakla\u015f\u0131m\u0131 b\u0131rakaca\u011f\u0131z. Planlayarak ilerleyece\u011fiz. Grubu gen\u00e7le\u015ftirmek istiyoruz. Yapaca\u011f\u0131m\u0131z transferlerin futbol akl\u0131yla olmas\u0131n\u0131 dilek ediyoruz. Ald\u0131\u011f\u0131m\u0131zda son kontrat\u0131 olacak oyuncu de\u011fil, hem alanda katk\u0131 veren hem de sat\u0131\u015f\u0131yla ekonomik olarak kul\u00fcbe katk\u0131 sa\u011flayacak transferler hedefliyoruz. Bu hususta da sizin bilgi ve birikiminizden faydalanmay\u0131 arzuluyoruz&#8221; dedi\u011fi tabir edildi.<\/p>\n<p><strong>3 M\u0130LYON EURO<\/strong><\/p>\n<p> Liderin kelamlar\u0131ndan etkilenen Solskjaer, Be\u015fikta\u015f&#8217;ta yeni bir meydan okuma ismine 1.5 y\u0131ll\u0131k mukavele teklifini kabul etti. Tecr\u00fcbeli \u00e7al\u0131\u015ft\u0131r\u0131c\u0131n\u0131n, t\u00fcm misyon s\u00fcrecince alaca\u011f\u0131 fiyat\u0131n 3 milyon Euro (110 milyon TL) oldu\u011fu belirtildi.<\/p>\n<\/div>\n","protected":false},"excerpt":{"rendered":"<p>Be\u015fikta\u015f&#8217;ta teknik y\u00f6neticilik misyonuna getirilen Ole Gunnar Solskjaer&#8217;in transferinin perde ard\u0131nda ya\u015fananlar ortaya \u00e7\u0131kmaya ba\u015flad\u0131.<\/p>\n","protected":false},"author":1,"featured_media":6844,"comment_status":"open","ping_status":"open","sticky":false,"template":"","format":"standard","meta":{"footnotes":""},"categories":[25],"tags":[],"class_list":["post-6843","post","type-post","status-publish","format-standard","has-post-thumbnail","hentry","category-futbol"],"_links":{"self":[{"href":"https:\/\/haberbesiktas.tr\/index.php?rest_route=\/wp\/v2\/posts\/6843","targetHints":{"allow":["GET"]}}],"collection":[{"href":"https:\/\/haberbesiktas.tr\/index.php?rest_route=\/wp\/v2\/posts"}],"about":[{"href":"https:\/\/haberbesiktas.tr\/index.php?rest_route=\/wp\/v2\/types\/post"}],"author":[{"embeddable":true,"href":"https:\/\/haberbesiktas.tr\/index.php?rest_route=\/wp\/v2\/users\/1"}],"replies":[{"embeddable":true,"href":"https:\/\/haberbesiktas.tr\/index.php?rest_route=%2Fwp%2Fv2%2Fcomments&post=6843"}],"version-history":[{"count":1,"href":"https:\/\/haberbesiktas.tr\/index.php?rest_route=\/wp\/v2\/posts\/6843\/revisions"}],"predecessor-version":[{"id":6845,"href":"https:\/\/haberbesiktas.tr\/index.php?rest_route=\/wp\/v2\/posts\/6843\/revisions\/6845"}],"wp:featuredmedia":[{"embeddable":true,"href":"https:\/\/haberbesiktas.tr\/index.php?rest_route=\/wp\/v2\/media\/6844"}],"wp:attachment":[{"href":"https:\/\/haberbesiktas.tr\/index.php?rest_route=%2Fwp%2Fv2%2Fmedia&parent=6843"}],"wp:term":[{"taxonomy":"category","embeddable":true,"href":"https:\/\/haberbesiktas.tr\/index.php?rest_route=%2Fwp%2Fv2%2Fcategories&post=6843"},{"taxonomy":"post_tag","embeddable":true,"href":"https:\/\/haberbesiktas.tr\/index.php?rest_route=%2Fwp%2Fv2%2Ftags&post=6843"}],"curies":[{"name":"wp","href":"https:\/\/api.w.org\/{rel}","templated":true}]}}