{"id":6849,"date":"2025-01-28T03:11:38","date_gmt":"2025-01-28T03:11:38","guid":{"rendered":"https:\/\/haberbesiktas.tr\/?p=6849"},"modified":"2025-01-28T03:11:38","modified_gmt":"2025-01-28T03:11:38","slug":"nihat-kahveci-bu-mac-ona-yazacak","status":"publish","type":"post","link":"https:\/\/haberbesiktas.tr\/?p=6849","title":{"rendered":"Nihat Kahveci: &#8220;Bu ma\u00e7 ona yazacak&#8221;"},"content":{"rendered":"<div>S\u00fcper Lig&#8217;in 20. haftas\u0131nda Galatasaray, deplasmanda Hatayspor ile 1-1 berabere kald\u0131.<\/p>\n<p> M\u00fcsabakay\u0131 Kontraspor YouTube kanal\u0131nda k\u0131ymetlendiren \u00fcnl\u00fc yorumcu, sar\u0131-k\u0131rm\u0131z\u0131l\u0131larda puan kayb\u0131n\u0131n faturas\u0131n\u0131 y\u0131ld\u0131z futbolcuya kesti. Nihat Kahveci&#8217;nin a\u00e7\u0131klamalar\u0131 \u015f\u00f6yle:<\/p>\n<p> &#8220;100 Galatasaray taraftar\u0131na sor, 105&#8217;i bu ma\u00e7ta puan kaybetmeyiz kayg\u0131s\u0131. 100 Fenerbah\u00e7e taraftar\u0131n\u0131n da 97&#8217;si Galatasaray puan kaybetmez kayg\u0131s\u0131. Tekrar y\u00fczde 3&#8217;\u00fc bir ihtimal beklerdi.<\/p>\n<p> <strong>&#8220;FUTBOL BU T\u00dcRL\u00dc B\u0130R \u015eEY&#8221;<\/strong><\/p>\n<p> Futbol bu t\u00fcrl\u00fc bir \u015fey. Ma\u00e7 \u00f6n\u00fcne kadar net favori var, d\u00fcd\u00fck \u00e7alar beklenmedik durumlar, beklenmedik kurallar&#8230;<\/p>\n<p> <strong>&#8220;BU MA\u00c7IN YAZILACA\u011eI K\u0130\u015e\u0130 BELL\u0130&#8221;<\/strong><\/p>\n<p> 50 tane konuma girersin atamazs\u0131n. Bug\u00fcn ben ma\u00e7 sonuna bakm\u0131yorum, bu ma\u00e7\u0131n yaz\u0131laca\u011f\u0131 ki\u015fi az \u00e7ok Galatasaray taraftar\u0131nda a\u015fik\u00e2r.<\/p>\n<p> D\u00f6nemin son devirde en formda, son ma\u00e7ta 2 gol atan hatta sa\u011f aya\u011f\u0131 \u00e2l\u00e2 olup, sol aya\u011f\u0131yla gol atan.<\/p>\n<p> Atletik, \u00e7ok \u00e7abuk, i\u015fin defans\u0131n\u0131 ofans\u0131n\u0131 yapan&#8230; Kopya verdim iddia ediliyor. Biraz Bar\u0131\u015f Alper&#8217;e yazacak bu ma\u00e7. Biraz de\u011fil, baya\u011f\u0131 yazacak.&#8221;\u00a0<\/p>\n<div>\u00a0<\/div>\n<\/div>\n","protected":false},"excerpt":{"rendered":"<p>Galatasaray&#8217;\u0131n Hatayspor ile deplasmanda 1-1 berabere kald\u0131\u011f\u0131 m\u00fcsabakay\u0131 Nihat Kahveci k\u0131ymetlendirdi. \u00dcnl\u00fc yorumcu sar\u0131-k\u0131rm\u0131z\u0131l\u0131lar\u0131n ya\u015fad\u0131\u011f\u0131 puan kayb\u0131n\u0131n faturas\u0131n\u0131 kesti.<\/p>\n","protected":false},"author":1,"featured_media":6850,"comment_status":"open","ping_status":"open","sticky":false,"template":"","format":"standard","meta":{"footnotes":""},"categories":[25],"tags":[50],"class_list":["post-6849","post","type-post","status-publish","format-standard","has-post-thumbnail","hentry","category-futbol","tag-mac"],"_links":{"self":[{"href":"https:\/\/haberbesiktas.tr\/index.php?rest_route=\/wp\/v2\/posts\/6849","targetHints":{"allow":["GET"]}}],"collection":[{"href":"https:\/\/haberbesiktas.tr\/index.php?rest_route=\/wp\/v2\/posts"}],"about":[{"href":"https:\/\/haberbesiktas.tr\/index.php?rest_route=\/wp\/v2\/types\/post"}],"author":[{"embeddable":true,"href":"https:\/\/haberbesiktas.tr\/index.php?rest_route=\/wp\/v2\/users\/1"}],"replies":[{"embeddable":true,"href":"https:\/\/haberbesiktas.tr\/index.php?rest_route=%2Fwp%2Fv2%2Fcomments&post=6849"}],"version-history":[{"count":1,"href":"https:\/\/haberbesiktas.tr\/index.php?rest_route=\/wp\/v2\/posts\/6849\/revisions"}],"predecessor-version":[{"id":6851,"href":"https:\/\/haberbesiktas.tr\/index.php?rest_route=\/wp\/v2\/posts\/6849\/revisions\/6851"}],"wp:featuredmedia":[{"embeddable":true,"href":"https:\/\/haberbesiktas.tr\/index.php?rest_route=\/wp\/v2\/media\/6850"}],"wp:attachment":[{"href":"https:\/\/haberbesiktas.tr\/index.php?rest_route=%2Fwp%2Fv2%2Fmedia&parent=6849"}],"wp:term":[{"taxonomy":"category","embeddable":true,"href":"https:\/\/haberbesiktas.tr\/index.php?rest_route=%2Fwp%2Fv2%2Fcategories&post=6849"},{"taxonomy":"post_tag","embeddable":true,"href":"https:\/\/haberbesiktas.tr\/index.php?rest_route=%2Fwp%2Fv2%2Ftags&post=6849"}],"curies":[{"name":"wp","href":"https:\/\/api.w.org\/{rel}","templated":true}]}}