{"id":6852,"date":"2025-01-28T03:23:39","date_gmt":"2025-01-28T03:23:39","guid":{"rendered":"https:\/\/haberbesiktas.tr\/?p=6852"},"modified":"2025-01-28T03:23:39","modified_gmt":"2025-01-28T03:23:39","slug":"cengiz-under-artik-gitti-gibi","status":"publish","type":"post","link":"https:\/\/haberbesiktas.tr\/?p=6852","title":{"rendered":"Cengiz \u00dcnder art\u0131k gitti gibi&#8230;"},"content":{"rendered":"<div>Fenerbah\u00e7e&#8217;ye b\u00fcy\u00fck umutlarla transfer olan ve o periyot 15 milyon euro ile sar\u0131-lacivertlilere bonservis rekoru k\u0131rd\u0131rtan Cengiz \u00dcnder, beklentilerin alt\u0131nda kald\u0131.<\/p>\n<p> Jose Mourinho sonras\u0131 ekipte d\u00fc\u015f\u00fcn\u00fclmeyen ve kendisine kul\u00fcp arayan futbolcunun yeni adresi muhakkak olmak \u00fczere. S\u00f6zc\u00fc&#8217;de yer alan habere nazaran Cengiz \u00dcnder, \u0130talya Serie A grubu Torino ile mutabakata yak\u0131n&#8230;<\/p>\n<p> <strong>SATIN ALMA OPS\u0130YONU OLACAK<\/strong><\/p>\n<p> \u0130talyan grubunun, Cengiz \u00dcnder&#8217;i kiral\u0131k olarak tak\u0131m\u0131na kataca\u011f\u0131 ve kontratta sat\u0131n alma opsiyonunun da bulunaca\u011f\u0131 belirtildi.<\/p>\n<p> <strong>MAA\u015eININ B\u0130R KISMINI \u00d6DEYECEK<\/strong><\/p>\n<p> Torino&#8217;nun Cengiz \u00dcnder&#8217;in 3.5 milyon euroluk maa\u015f\u0131n\u0131n bir k\u0131sm\u0131n\u0131 \u00f6deyece\u011fi aktar\u0131ld\u0131.<\/p>\n<p> <strong>BU D\u00d6NEM SKOR KATKISI YOK<\/strong><\/p>\n<p> Bu d\u00f6nem 6 ma\u00e7a \u00e7\u0131kan 27 ya\u015f\u0131ndaki futbolcu, 153 dakika m\u00fchlet al\u0131rken skor katk\u0131s\u0131 veremedi.\u00a0<\/p>\n<p> \u00a0<\/p>\n<\/div>\n","protected":false},"excerpt":{"rendered":"<p>Fenerbah\u00e7e&#8217;de beklentileri kar\u015f\u0131layamayan Cengiz \u00dcnder, ad\u0131m ad\u0131m Torino&#8217;ya kiral\u0131k gitmek \u00fczere&#8230;<\/p>\n","protected":false},"author":1,"featured_media":6853,"comment_status":"open","ping_status":"open","sticky":false,"template":"","format":"standard","meta":{"footnotes":""},"categories":[25],"tags":[],"class_list":["post-6852","post","type-post","status-publish","format-standard","has-post-thumbnail","hentry","category-futbol"],"_links":{"self":[{"href":"https:\/\/haberbesiktas.tr\/index.php?rest_route=\/wp\/v2\/posts\/6852","targetHints":{"allow":["GET"]}}],"collection":[{"href":"https:\/\/haberbesiktas.tr\/index.php?rest_route=\/wp\/v2\/posts"}],"about":[{"href":"https:\/\/haberbesiktas.tr\/index.php?rest_route=\/wp\/v2\/types\/post"}],"author":[{"embeddable":true,"href":"https:\/\/haberbesiktas.tr\/index.php?rest_route=\/wp\/v2\/users\/1"}],"replies":[{"embeddable":true,"href":"https:\/\/haberbesiktas.tr\/index.php?rest_route=%2Fwp%2Fv2%2Fcomments&post=6852"}],"version-history":[{"count":1,"href":"https:\/\/haberbesiktas.tr\/index.php?rest_route=\/wp\/v2\/posts\/6852\/revisions"}],"predecessor-version":[{"id":6854,"href":"https:\/\/haberbesiktas.tr\/index.php?rest_route=\/wp\/v2\/posts\/6852\/revisions\/6854"}],"wp:featuredmedia":[{"embeddable":true,"href":"https:\/\/haberbesiktas.tr\/index.php?rest_route=\/wp\/v2\/media\/6853"}],"wp:attachment":[{"href":"https:\/\/haberbesiktas.tr\/index.php?rest_route=%2Fwp%2Fv2%2Fmedia&parent=6852"}],"wp:term":[{"taxonomy":"category","embeddable":true,"href":"https:\/\/haberbesiktas.tr\/index.php?rest_route=%2Fwp%2Fv2%2Fcategories&post=6852"},{"taxonomy":"post_tag","embeddable":true,"href":"https:\/\/haberbesiktas.tr\/index.php?rest_route=%2Fwp%2Fv2%2Ftags&post=6852"}],"curies":[{"name":"wp","href":"https:\/\/api.w.org\/{rel}","templated":true}]}}