{"id":6855,"date":"2025-01-28T03:35:38","date_gmt":"2025-01-28T03:35:38","guid":{"rendered":"https:\/\/haberbesiktas.tr\/?p=6855"},"modified":"2025-01-28T03:35:38","modified_gmt":"2025-01-28T03:35:38","slug":"fenerbahceden-surpriz-teklif-ahmetcan","status":"publish","type":"post","link":"https:\/\/haberbesiktas.tr\/?p=6855","title":{"rendered":"Fenerbah\u00e7e&#8217;den s\u00fcrpriz teklif: Ahmetcan"},"content":{"rendered":"<div>Fenerbah\u00e7e, Ajax formas\u0131 giyen Ahmetcan Kaplan&#8217;\u0131 transfer etmek i\u00e7in d\u00fc\u011fmeye bast\u0131.<\/p>\n<p> Fenerbah\u00e7e, 22 ya\u015f\u0131ndaki stoper Ahmetcan Kaplan&#8217;\u0131 transfer etmek i\u00e7in kul\u00fcb\u00fc Ajax ile temasa ge\u00e7ti.<\/p>\n<p> S\u00f6zc\u00fc&#8217;de yer alan habere nazaran; Fenerbah\u00e7e, Hollanda kul\u00fcb\u00fcne sat\u0131n alma opsiyonlu kiralama teklifinde bulundu.<\/p>\n<p> <strong>BONSERV\u0130S\u0130N\u0130N Y\u00dcZDE 15&#8217;\u0130 TRABZONSPOR&#8217;A<\/strong><\/p>\n<p> Trabzonspor altyap\u0131s\u0131ndan yeti\u015fen Ahmetcan, 9.5 milyon Euro&#8217;ya Ajax&#8217;a transfer olmu\u015ftu. Gen\u00e7 futbolcunun mukavelesinde bir sonraki sat\u0131\u015f kar\u0131ndan y\u00fczde 15&#8217;lik k\u0131sm\u0131n Trabzonspor&#8217;a \u00f6denmesi yer al\u0131yor.<\/p>\n<p> <strong>BU D\u00d6NEM 6 MA\u00c7TA M\u0130SYON ALDI<\/strong><\/p>\n<p> Ahmetcan Kaplan, bu sezon 4&#8217;\u00fc lig olmak \u00fczere toplam 6 ma\u00e7a \u00e7\u0131kt\u0131.\u00a0<\/p>\n<div>\u00a0<\/div>\n<\/div>\n","protected":false},"excerpt":{"rendered":"<p>Fenerbah\u00e7e, Ahmetcan Kaplan&#8217;\u0131 transfer etmek i\u00e7in kul\u00fcb\u00fc Ajax ile temasa ge\u00e7ti.<\/p>\n","protected":false},"author":1,"featured_media":6856,"comment_status":"open","ping_status":"open","sticky":false,"template":"","format":"standard","meta":{"footnotes":""},"categories":[25],"tags":[],"class_list":["post-6855","post","type-post","status-publish","format-standard","has-post-thumbnail","hentry","category-futbol"],"_links":{"self":[{"href":"https:\/\/haberbesiktas.tr\/index.php?rest_route=\/wp\/v2\/posts\/6855","targetHints":{"allow":["GET"]}}],"collection":[{"href":"https:\/\/haberbesiktas.tr\/index.php?rest_route=\/wp\/v2\/posts"}],"about":[{"href":"https:\/\/haberbesiktas.tr\/index.php?rest_route=\/wp\/v2\/types\/post"}],"author":[{"embeddable":true,"href":"https:\/\/haberbesiktas.tr\/index.php?rest_route=\/wp\/v2\/users\/1"}],"replies":[{"embeddable":true,"href":"https:\/\/haberbesiktas.tr\/index.php?rest_route=%2Fwp%2Fv2%2Fcomments&post=6855"}],"version-history":[{"count":1,"href":"https:\/\/haberbesiktas.tr\/index.php?rest_route=\/wp\/v2\/posts\/6855\/revisions"}],"predecessor-version":[{"id":6857,"href":"https:\/\/haberbesiktas.tr\/index.php?rest_route=\/wp\/v2\/posts\/6855\/revisions\/6857"}],"wp:featuredmedia":[{"embeddable":true,"href":"https:\/\/haberbesiktas.tr\/index.php?rest_route=\/wp\/v2\/media\/6856"}],"wp:attachment":[{"href":"https:\/\/haberbesiktas.tr\/index.php?rest_route=%2Fwp%2Fv2%2Fmedia&parent=6855"}],"wp:term":[{"taxonomy":"category","embeddable":true,"href":"https:\/\/haberbesiktas.tr\/index.php?rest_route=%2Fwp%2Fv2%2Fcategories&post=6855"},{"taxonomy":"post_tag","embeddable":true,"href":"https:\/\/haberbesiktas.tr\/index.php?rest_route=%2Fwp%2Fv2%2Ftags&post=6855"}],"curies":[{"name":"wp","href":"https:\/\/api.w.org\/{rel}","templated":true}]}}