{"id":6861,"date":"2025-01-28T03:59:39","date_gmt":"2025-01-28T03:59:39","guid":{"rendered":"https:\/\/haberbesiktas.tr\/?p=6861"},"modified":"2025-01-28T03:59:39","modified_gmt":"2025-01-28T03:59:39","slug":"galatasaray-gabriel-sarayi-aradi","status":"publish","type":"post","link":"https:\/\/haberbesiktas.tr\/?p=6861","title":{"rendered":"Galatasaray, Gabriel Sara&#8217;y\u0131 arad\u0131!"},"content":{"rendered":"<div>Ba\u015fak\u015fehir&#8217;le Ziraat T\u00fcrkiye Kupas\u0131&#8217;nda oynanan ma\u00e7ta sakatlanan ve ligdeki Ba\u015fak\u015fehir \u00e7abas\u0131nda forma giyemeyen Gabriel Sara, d\u00fcn Hatayspor m\u00fcsabakas\u0131nda da oynamad\u0131.<\/p>\n<p> Brezilyal\u0131n\u0131n yoklu\u011fu orta alanda yeniden hissedildi. Galatasaray, orta alanda bilhassa birinci yar\u0131da b\u00fcy\u00fck dert ya\u015fad\u0131. Hatay, Galatasaray orta alan\u0131n\u0131 vakit zaman \u00e7ok\u00a0rahat\u00a0ge\u00e7ti.\u00a0<\/p>\n<div>\u00a0<\/div>\n<\/div>\n","protected":false},"excerpt":{"rendered":"<p>Galatasaray, sakatl\u0131\u011f\u0131 sebebiyle Ba\u015fak\u015fehir ve Hatayspor ma\u00e7lar\u0131nda oynamayan Gabriel Sara&#8217;y\u0131 arad\u0131.<\/p>\n","protected":false},"author":1,"featured_media":6862,"comment_status":"open","ping_status":"open","sticky":false,"template":"","format":"standard","meta":{"footnotes":""},"categories":[25],"tags":[],"class_list":["post-6861","post","type-post","status-publish","format-standard","has-post-thumbnail","hentry","category-futbol"],"_links":{"self":[{"href":"https:\/\/haberbesiktas.tr\/index.php?rest_route=\/wp\/v2\/posts\/6861","targetHints":{"allow":["GET"]}}],"collection":[{"href":"https:\/\/haberbesiktas.tr\/index.php?rest_route=\/wp\/v2\/posts"}],"about":[{"href":"https:\/\/haberbesiktas.tr\/index.php?rest_route=\/wp\/v2\/types\/post"}],"author":[{"embeddable":true,"href":"https:\/\/haberbesiktas.tr\/index.php?rest_route=\/wp\/v2\/users\/1"}],"replies":[{"embeddable":true,"href":"https:\/\/haberbesiktas.tr\/index.php?rest_route=%2Fwp%2Fv2%2Fcomments&post=6861"}],"version-history":[{"count":1,"href":"https:\/\/haberbesiktas.tr\/index.php?rest_route=\/wp\/v2\/posts\/6861\/revisions"}],"predecessor-version":[{"id":6863,"href":"https:\/\/haberbesiktas.tr\/index.php?rest_route=\/wp\/v2\/posts\/6861\/revisions\/6863"}],"wp:featuredmedia":[{"embeddable":true,"href":"https:\/\/haberbesiktas.tr\/index.php?rest_route=\/wp\/v2\/media\/6862"}],"wp:attachment":[{"href":"https:\/\/haberbesiktas.tr\/index.php?rest_route=%2Fwp%2Fv2%2Fmedia&parent=6861"}],"wp:term":[{"taxonomy":"category","embeddable":true,"href":"https:\/\/haberbesiktas.tr\/index.php?rest_route=%2Fwp%2Fv2%2Fcategories&post=6861"},{"taxonomy":"post_tag","embeddable":true,"href":"https:\/\/haberbesiktas.tr\/index.php?rest_route=%2Fwp%2Fv2%2Ftags&post=6861"}],"curies":[{"name":"wp","href":"https:\/\/api.w.org\/{rel}","templated":true}]}}