{"id":6864,"date":"2025-01-28T04:47:39","date_gmt":"2025-01-28T04:47:39","guid":{"rendered":"https:\/\/haberbesiktas.tr\/?p=6864"},"modified":"2025-01-28T04:47:39","modified_gmt":"2025-01-28T04:47:39","slug":"trabzonsporda-brynhildsen-harekati","status":"publish","type":"post","link":"https:\/\/haberbesiktas.tr\/?p=6864","title":{"rendered":"Trabzonspor&#8217;da Brynhildsen harekat\u0131!"},"content":{"rendered":"<div>Trabzonspor&#8217;da transfer \u00e7al\u0131\u015fmalar\u0131 s\u00fcrat kesmiyor. Hamle \u00e7izgisine destek planlayan Trabzonspor, bir kere daha g\u00f6z\u00fcn\u00fc \u0130skandinavya&#8217;ya \u00e7evirdi. <\/p>\n<p>F\u0131rt\u0131na, vaktinde y\u00fcksek rand\u0131man ald\u0131\u011f\u0131 Norve\u00e7li S\u00f6rloth ile Danimarkal\u0131 Cornelius&#8217;un akabinde bir di\u011fer Kuzeyli forveti tak\u0131ma katmak i\u00e7in harekete ge\u00e7ti. \u0130dare, yaz periyodunda de g\u00fcndeme gelen Norve\u00e7li Ola Brynhildsen i\u00e7in tekrar te\u015febb\u00fcste bulunacak.<\/p>\n<p> <strong>K\u0130RALIKTAN D\u00d6ND\u00dc<\/strong><\/p>\n<p> Midtjylland formas\u0131 giyen 25 ya\u015f\u0131ndaki futbolcunun piyasa pahas\u0131 3.5 milyon euro civar\u0131nda. <\/p>\n<p>Ge\u00e7ti\u011fimiz d\u00f6nem Danimarka&#8217;da \u015fampiyonluk ya\u015fad\u0131\u011f\u0131 gruba 6 goll\u00fck katk\u0131 veren Brynhildsen, forvetin yan\u0131 s\u0131ra her iki kanatta da oynayabiliyor. <\/p>\n<p>Sezonun birinci yar\u0131s\u0131n\u0131 Molde&#8217;de kiral\u0131k ge\u00e7iren ve devre ortas\u0131 yine Midtjylland&#8217;a d\u00f6nen y\u0131ld\u0131z futbolcu, Norve\u00e7 Ulusal Grubu&#8217;nda da 4 ma\u00e7ta forma giydi.<\/p>\n<p> <strong>&#8220;TRABZON&#8217;A KAVU\u015eACA\u011eIM&#8221;<\/strong><\/p>\n<p> Brynhildsen, transferi gayr\u0131resmi olsa da do\u011frulad\u0131. Ge\u00e7ti\u011fimiz ay bordo-mavililerin kendisine ilgisi oldu\u011funu a\u00e7\u0131klayan ve &#8220;Trabzonspor \u00fczere b\u00fcy\u00fck bir ekipte forma giymekten memnunluk duyar\u0131m&#8221; tabirini kullanan Norve\u00e7li forvet, &#8220;Trabzonspor&#8217;a kavu\u015faca\u011f\u0131m&#8221; bildirisini payla\u015ft\u0131.<\/p>\n<p> <strong>V\u0130SCA \u0130K\u0130NC\u0130 DALYA PE\u015e\u0130NDE<\/strong><\/p>\n<p> Visca&#8217;n\u0131n T\u00fcrkiye mesle\u011fi g\u00f6z kama\u015ft\u0131r\u0131yor. Ba\u015fak\u015fehir ve Trabzonspor formalar\u0131yla 100 gol baraj\u0131n\u0131 ge\u00e7en Bo\u015fnak futbolcu, bir \u00f6b\u00fcr istatistikte de dalya demeye haz\u0131rlan\u0131yor. <\/p>\n<p>Tecr\u00fcbeli oyuncu, Sivas m\u00fcsabakas\u0131nda vazife yapmas\u0131 halinde bordo-mavili forma alt\u0131nda 100. resmi ma\u00e7\u0131n\u0131 oynayacak.<\/p>\n<p> <strong>CHAM \u0130\u00c7\u0130N KARARSIZ<\/strong><\/p>\n<p> F\u0131rt\u0131na&#8217;da Muhammed Cham, Antalya ma\u00e7\u0131nda sakatlanm\u0131\u015ft\u0131. 24 ya\u015f\u0131ndaki orta saha, hafif tempolu egzersizlere ba\u015flad\u0131. Fakat \u015eenol G\u00fcne\u015f, Avusturyal\u0131 futbolcuyu Sivas ma\u00e7\u0131nda oynat\u0131p oynatmama konusunda karars\u0131z. <\/p>\n<p>Y\u0131ld\u0131z oyuncu, sakatl\u0131\u011f\u0131n n\u00fcksetme riski nedeniyle pazartesi g\u00fcn\u00fc dinlendirilebilir.<\/p>\n<p> <strong>UMUT G\u00dcNE\u015e BABA OLDU<\/strong><\/p>\n<p> Trabzonspor&#8217;da Umut G\u00fcne\u015f, baba olman\u0131n heyecan\u0131n\u0131 ya\u015fad\u0131.<\/p>\n<p> Birinci sefer baba olan Umut, e\u015fi Su G\u00fcne\u015f ile birlikte o\u011fullar\u0131na Kayra ismini verdi. Kul\u00fcpten yap\u0131lan a\u00e7\u0131klamada, &#8220;G\u00fcne\u015f ailesini kutlar, minik bebeklerine ise sa\u011fl\u0131kl\u0131 bir hayat dileriz&#8221; denildi.<\/p>\n<p> <strong>ONURALP&#8217;\u0130N EL\u0130NDE KIRIK VAR<\/strong><\/p>\n<p> Trabzonspor&#8217;a, gen\u00e7 kaleci Onuralp&#8217;ten mak\u00fbs haber geldi. 19 ya\u015f\u0131ndaki file bek\u00e7isinin, d\u00fcn yap\u0131lan MR g\u00f6r\u00fcnt\u00fclemesinde sa\u011f el ikinci parma\u011f\u0131nda k\u0131r\u0131k tespit edildi. Sa\u011fl\u0131k Kurulu Lideri Ahmet Be\u015fir, Onuralp&#8217;in ameliyat edilece\u011fini duyurdu.<\/p>\n<\/div>\n","protected":false},"excerpt":{"rendered":"<p>Trabzonspor, yaz periyodunda de g\u00fcndeme gelen 25 ya\u015f\u0131ndaki Norve\u00e7li futbolcu i\u00e7in Danimarka tak\u0131m\u0131 Midtjylland ile tekrar masaya oturma karar\u0131 ald\u0131.<\/p>\n","protected":false},"author":1,"featured_media":6865,"comment_status":"open","ping_status":"open","sticky":false,"template":"","format":"standard","meta":{"footnotes":""},"categories":[25],"tags":[623,480,98],"class_list":["post-6864","post","type-post","status-publish","format-standard","has-post-thumbnail","hentry","category-futbol","tag-forma","tag-gunes","tag-trabzonspor"],"_links":{"self":[{"href":"https:\/\/haberbesiktas.tr\/index.php?rest_route=\/wp\/v2\/posts\/6864","targetHints":{"allow":["GET"]}}],"collection":[{"href":"https:\/\/haberbesiktas.tr\/index.php?rest_route=\/wp\/v2\/posts"}],"about":[{"href":"https:\/\/haberbesiktas.tr\/index.php?rest_route=\/wp\/v2\/types\/post"}],"author":[{"embeddable":true,"href":"https:\/\/haberbesiktas.tr\/index.php?rest_route=\/wp\/v2\/users\/1"}],"replies":[{"embeddable":true,"href":"https:\/\/haberbesiktas.tr\/index.php?rest_route=%2Fwp%2Fv2%2Fcomments&post=6864"}],"version-history":[{"count":1,"href":"https:\/\/haberbesiktas.tr\/index.php?rest_route=\/wp\/v2\/posts\/6864\/revisions"}],"predecessor-version":[{"id":6866,"href":"https:\/\/haberbesiktas.tr\/index.php?rest_route=\/wp\/v2\/posts\/6864\/revisions\/6866"}],"wp:featuredmedia":[{"embeddable":true,"href":"https:\/\/haberbesiktas.tr\/index.php?rest_route=\/wp\/v2\/media\/6865"}],"wp:attachment":[{"href":"https:\/\/haberbesiktas.tr\/index.php?rest_route=%2Fwp%2Fv2%2Fmedia&parent=6864"}],"wp:term":[{"taxonomy":"category","embeddable":true,"href":"https:\/\/haberbesiktas.tr\/index.php?rest_route=%2Fwp%2Fv2%2Fcategories&post=6864"},{"taxonomy":"post_tag","embeddable":true,"href":"https:\/\/haberbesiktas.tr\/index.php?rest_route=%2Fwp%2Fv2%2Ftags&post=6864"}],"curies":[{"name":"wp","href":"https:\/\/api.w.org\/{rel}","templated":true}]}}