{"id":6867,"date":"2025-01-28T05:11:40","date_gmt":"2025-01-28T05:11:40","guid":{"rendered":"https:\/\/haberbesiktas.tr\/?p=6867"},"modified":"2025-01-28T05:11:40","modified_gmt":"2025-01-28T05:11:40","slug":"sahne-sirasi-savice-geldi","status":"publish","type":"post","link":"https:\/\/haberbesiktas.tr\/?p=6867","title":{"rendered":"Sahne s\u0131ras\u0131 Savic&#8217;e geldi!"},"content":{"rendered":"<div>Trabzonspor&#8217;da ligin ikinci yar\u0131s\u0131 \u00f6ncesi bir yandan transfer \u00e7al\u0131\u015fmalar\u0131 s\u00fcrerken bir yandan da sakatl\u0131ktan d\u00f6nen Stefan Savic&#8217;in performans\u0131 merakla bekleniyor.<\/p>\n<p> Bordo-mavililerde ligin birinci yar\u0131s\u0131nda yaln\u0131zca 3 ma\u00e7ta vazife yapabilen Karada\u011fl\u0131 stoper, 4 ay kadrodan ba\u015fka kalm\u0131\u015ft\u0131.<\/p>\n<p> Sivasspor ma\u00e7\u0131 \u00f6ncesi yap\u0131lan egzersizlerde yer alan ve istekli \u00e7al\u0131\u015ft\u0131\u011f\u0131 belirtilen 34 ya\u015f\u0131ndaki futbolcunun, kritik \u00e7abada tak\u0131mda olmas\u0131 planlan\u0131yor.<\/p>\n<p> <strong>1 STOPER KES\u0130N ALINACAK<\/strong><\/p>\n<p> Birka\u00e7 g\u00fcn evvel yapt\u0131\u011f\u0131 a\u00e7\u0131klamada &#8220;Savic&#8217;in durumuna nazaran bir yahut iki stoper alabiliriz&#8221; diyen teknik y\u00f6netici \u015eenol G\u00fcne\u015f&#8217;in, oyuncunun \u015fu anki performans\u0131ndan mutlu oldu\u011fu ve istedi\u011fi rand\u0131man\u0131 almas\u0131 halinde yaln\u0131zca 1 stoper deste\u011fi ile orta transferi kapatmay\u0131 d\u00fc\u015f\u00fcnd\u00fc\u011f\u00fc \u00f6\u011frenildi.<\/p>\n<p> Deneyimli \u00e7al\u0131\u015ft\u0131r\u0131c\u0131n\u0131n, \u00f6\u011frencisi ile de g\u00f6r\u00fc\u015ferek, &#8220;Senden yeni transfer tesiri yaratman\u0131 bekliyorum&#8221; dedi\u011fi belirtildi.<\/p>\n<p> <strong>UKRAYNA&#8217;DAN FORVET \u0130DD\u0130ASI<\/strong><\/p>\n<p> UKRAYNA bas\u0131n\u0131, Shakhtar Donetsk&#8217;ten Zubkov&#8217;u transfer etmek isteyen Trabzonspor&#8217;un birebir ekipten forvet oyuncusu Danylo Sikan&#8217;\u0131 da almak istedi\u011fini sav etti.<\/p>\n<p> Bordo-mavililerin, 23 ya\u015f\u0131ndaki golc\u00fcn\u00fcn bonservisi i\u00e7in uzun vadeli taksitler halinde \u00e7ok y\u00fcksek say\u0131lar teklif etti\u011fi \u00f6ne s\u00fcr\u00fcld\u00fc.<\/p>\n<p> Trabzonspor cephesi, \u015fimdi bu iddiay\u0131 do\u011frulamazken Danylo Sikan 18 ma\u00e7ta 4 gol, 1 asistlik performans ortaya koydu.<\/p>\n<\/div>\n","protected":false},"excerpt":{"rendered":"<p>4 ayl\u0131k sakatl\u0131k s\u00fcrecini atlatan 34 ya\u015f\u0131ndaki oyuncuya teknik y\u00f6netici \u015eenol G\u00fcne\u015f dayanak verdi.<\/p>\n","protected":false},"author":1,"featured_media":6868,"comment_status":"open","ping_status":"open","sticky":false,"template":"","format":"standard","meta":{"footnotes":""},"categories":[25],"tags":[],"class_list":["post-6867","post","type-post","status-publish","format-standard","has-post-thumbnail","hentry","category-futbol"],"_links":{"self":[{"href":"https:\/\/haberbesiktas.tr\/index.php?rest_route=\/wp\/v2\/posts\/6867","targetHints":{"allow":["GET"]}}],"collection":[{"href":"https:\/\/haberbesiktas.tr\/index.php?rest_route=\/wp\/v2\/posts"}],"about":[{"href":"https:\/\/haberbesiktas.tr\/index.php?rest_route=\/wp\/v2\/types\/post"}],"author":[{"embeddable":true,"href":"https:\/\/haberbesiktas.tr\/index.php?rest_route=\/wp\/v2\/users\/1"}],"replies":[{"embeddable":true,"href":"https:\/\/haberbesiktas.tr\/index.php?rest_route=%2Fwp%2Fv2%2Fcomments&post=6867"}],"version-history":[{"count":1,"href":"https:\/\/haberbesiktas.tr\/index.php?rest_route=\/wp\/v2\/posts\/6867\/revisions"}],"predecessor-version":[{"id":6869,"href":"https:\/\/haberbesiktas.tr\/index.php?rest_route=\/wp\/v2\/posts\/6867\/revisions\/6869"}],"wp:featuredmedia":[{"embeddable":true,"href":"https:\/\/haberbesiktas.tr\/index.php?rest_route=\/wp\/v2\/media\/6868"}],"wp:attachment":[{"href":"https:\/\/haberbesiktas.tr\/index.php?rest_route=%2Fwp%2Fv2%2Fmedia&parent=6867"}],"wp:term":[{"taxonomy":"category","embeddable":true,"href":"https:\/\/haberbesiktas.tr\/index.php?rest_route=%2Fwp%2Fv2%2Fcategories&post=6867"},{"taxonomy":"post_tag","embeddable":true,"href":"https:\/\/haberbesiktas.tr\/index.php?rest_route=%2Fwp%2Fv2%2Ftags&post=6867"}],"curies":[{"name":"wp","href":"https:\/\/api.w.org\/{rel}","templated":true}]}}