{"id":6972,"date":"2025-01-28T14:35:40","date_gmt":"2025-01-28T14:35:40","guid":{"rendered":"https:\/\/haberbesiktas.tr\/?p=6972"},"modified":"2025-01-28T14:35:40","modified_gmt":"2025-01-28T14:35:40","slug":"gedson-fernandes-galatasaray-macini-secti","status":"publish","type":"post","link":"https:\/\/haberbesiktas.tr\/?p=6972","title":{"rendered":"Gedson Fernandes, Galatasaray ma\u00e7\u0131n\u0131 se\u00e7ti!"},"content":{"rendered":"<div>Be\u015fikta\u015fl\u0131 futbolcu Gedson Fernandes, Anadolu Ajans\u0131n\u0131n (AA) g\u00f6z\u00fcnden 2024&#8217;e damga vuran olaylara ili\u015fkin ve ya\u015fama dair foto\u011fraflar\u0131n yer ald\u0131\u011f\u0131 &#8220;Y\u0131l\u0131n Kareleri&#8221; oylamas\u0131na kat\u0131ld\u0131.<\/p>\n<p> Siyah-beyazl\u0131 futbolcu, AA muhabirleri ile foto muhabirlerinin yurt i\u00e7inde ve yurt d\u0131\u015f\u0131nda 2024 y\u0131l\u0131 boyunca \u00e7ekti\u011fi, &#8220;Roketsan, Turkcell Lifebox ve Sony&#8221; katk\u0131lar\u0131yla haz\u0131rlanan &#8220;Haber&#8221;, &#8220;Do\u011fal \u00d6m\u00fcr ve \u00c7evre&#8221;, &#8220;Spor&#8221;, &#8220;G\u00fcnl\u00fck Hayat&#8221; kategorilerindeki foto\u011fraflar\u0131 inceledi.<\/p>\n<p> Gedson Fernandes, &#8220;Spor&#8221; kategorisindeki oyunu kendisinin de foto\u011fraf karesinde yer ald\u0131\u011f\u0131, Galatasaray&#8217;la oynanan Turkcell \u00dcst\u00fcn Kupa ma\u00e7\u0131nda Ciro Immobile&#8217;nin att\u0131\u011f\u0131 gol sonras\u0131 Be\u015fikta\u015fl\u0131 futbolcular\u0131n sevincinin yer ald\u0131\u011f\u0131 Hakan Akg\u00fcn&#8217;e ili\u015fkin foto\u011frafa verdi.<\/p>\n<p> Spor temal\u0131 foto\u011fraflar\u0131n ilgisini daha \u00e7ok \u00e7ekti\u011fini s\u00f6yleyen Gedson Fernandes&#8217;in ba\u015fka tercihleri ise Tayfun Co\u015fkun&#8217;a ili\u015fkin &#8220;\u015eov zaman\u0131&#8221; ve &#8220;Sevin\u00e7 taklas\u0131&#8221; isimli foto\u011fraflar oldu.<\/p>\n<p> &#8220;Haber&#8221; kategorisinde Muhammed Enes Y\u0131ld\u0131r\u0131m&#8217;\u0131n &#8220;K\u0131lavuzlar&#8221; foto\u011fraf\u0131n\u0131 tercih eden Gedson Fernandes, &#8220;G\u00fcnl\u00fck Hayat&#8221; kategorisinde ise Ahmet Okatal\u0131&#8217;n\u0131n &#8220;G\u00f6rkemli gece&#8221; isimli foto\u011fraf\u0131n\u0131 se\u00e7ti. Siyah-beyazl\u0131 oyuncu, &#8220;Do\u011fal Hayat ve \u00c7evre&#8221; foto\u011fraflar\u0131ndan ise \u0130simsiz G\u00fcnebakan&#8217;\u0131n &#8220;Armut pi\u015f&#8221; isimli karesine oy verdi.<\/p>\n<p> \u0130nceledi\u011fi foto\u011fraflar\u0131n etkileyici oldu\u011funu s\u00f6yleyen Gedson Fernandes, &#8220;G\u00fczel manzaralar\u0131 seviyorum. Spor foto\u011fraflar\u0131 daha \u00e7ok ho\u015fuma gidiyor. Muhte\u015fem Kupa&#8217;daki foto\u011fraf\u0131 se\u00e7tim zira bizim i\u00e7in \u00e7ok k\u0131ymetli olan bir kupayd\u0131. \u0130z b\u0131rakan, daima hat\u0131rlayaca\u011f\u0131m\u0131z bir an\u0131 ve muvaffakiyet oldu.&#8221; diye konu\u015ftu.<\/p>\n<\/div>\n","protected":false},"excerpt":{"rendered":"<p>Be\u015fikta\u015fl\u0131 Gedson Fernandes, AA&#8217;n\u0131n &#8220;Y\u0131l\u0131n Kareleri&#8221; oylamas\u0131na kat\u0131ld\u0131.<\/p>\n","protected":false},"author":1,"featured_media":6973,"comment_status":"open","ping_status":"open","sticky":false,"template":"","format":"standard","meta":{"footnotes":""},"categories":[25],"tags":[206,318],"class_list":["post-6972","post","type-post","status-publish","format-standard","has-post-thumbnail","hentry","category-futbol","tag-foto","tag-gedson"],"_links":{"self":[{"href":"https:\/\/haberbesiktas.tr\/index.php?rest_route=\/wp\/v2\/posts\/6972","targetHints":{"allow":["GET"]}}],"collection":[{"href":"https:\/\/haberbesiktas.tr\/index.php?rest_route=\/wp\/v2\/posts"}],"about":[{"href":"https:\/\/haberbesiktas.tr\/index.php?rest_route=\/wp\/v2\/types\/post"}],"author":[{"embeddable":true,"href":"https:\/\/haberbesiktas.tr\/index.php?rest_route=\/wp\/v2\/users\/1"}],"replies":[{"embeddable":true,"href":"https:\/\/haberbesiktas.tr\/index.php?rest_route=%2Fwp%2Fv2%2Fcomments&post=6972"}],"version-history":[{"count":1,"href":"https:\/\/haberbesiktas.tr\/index.php?rest_route=\/wp\/v2\/posts\/6972\/revisions"}],"predecessor-version":[{"id":6974,"href":"https:\/\/haberbesiktas.tr\/index.php?rest_route=\/wp\/v2\/posts\/6972\/revisions\/6974"}],"wp:featuredmedia":[{"embeddable":true,"href":"https:\/\/haberbesiktas.tr\/index.php?rest_route=\/wp\/v2\/media\/6973"}],"wp:attachment":[{"href":"https:\/\/haberbesiktas.tr\/index.php?rest_route=%2Fwp%2Fv2%2Fmedia&parent=6972"}],"wp:term":[{"taxonomy":"category","embeddable":true,"href":"https:\/\/haberbesiktas.tr\/index.php?rest_route=%2Fwp%2Fv2%2Fcategories&post=6972"},{"taxonomy":"post_tag","embeddable":true,"href":"https:\/\/haberbesiktas.tr\/index.php?rest_route=%2Fwp%2Fv2%2Ftags&post=6972"}],"curies":[{"name":"wp","href":"https:\/\/api.w.org\/{rel}","templated":true}]}}