{"id":7130,"date":"2025-02-08T06:24:06","date_gmt":"2025-02-08T06:24:06","guid":{"rendered":"https:\/\/haberbesiktas.tr\/?p=7130"},"modified":"2025-02-08T06:24:06","modified_gmt":"2025-02-08T06:24:06","slug":"okan-kocuk-yanimiza-yaklastirmadik","status":"publish","type":"post","link":"https:\/\/haberbesiktas.tr\/?p=7130","title":{"rendered":"Okan Kocuk: &#8220;Yan\u0131m\u0131za yakla\u015ft\u0131rmad\u0131k&#8221;"},"content":{"rendered":"<div>Samsunspor&#8217;da Okan Kocuk, Be\u015fikta\u015f ma\u00e7\u0131n\u0131n akabinde konu\u015ftu.<\/p>\n<p> Okan Kocuk,<strong> &#8220;\u0130lk yar\u0131 ortada giden bir ma\u00e7t\u0131. Gol ceddin kazanabilece\u011fi bir ma\u00e7t\u0131. Karttan sonra do\u011fal olarak denetimi onlara verdik. Talih da bulduk fakat olmad\u0131. Be\u015fikta\u015f ne olursa olsun Be\u015fikta\u015f&#8217;t\u0131r. Ekip olarak \u00e2l\u00e2 bir puan oldu. Be\u015fikta\u015f&#8217;\u0131 kendimize yakla\u015ft\u0131rmad\u0131k.&#8221;<\/strong> dedi.<\/p>\n<p> Okan Kocuk, kendi performans\u0131 i\u00e7in, <strong>&#8220;Tak\u0131m olarak \u00e2l\u00e2 savunma yap\u0131yoruz. Kendi performans\u0131mdan \u00e7ok mutluyum bug\u00fcn, umar\u0131m bu t\u00fcrl\u00fc devam edebilirim.&#8221;<\/strong> kelamlar\u0131n\u0131 sarf etti.<\/p>\n<\/div>\n","protected":false},"excerpt":{"rendered":"<p>Samsunspor formas\u0131 giyen Okan Kocuk, Be\u015fikta\u015f ma\u00e7\u0131 sonras\u0131 konu\u015ftu.<\/p>\n","protected":false},"author":1,"featured_media":7131,"comment_status":"open","ping_status":"open","sticky":false,"template":"","format":"standard","meta":{"footnotes":""},"categories":[25],"tags":[],"class_list":["post-7130","post","type-post","status-publish","format-standard","has-post-thumbnail","hentry","category-futbol"],"_links":{"self":[{"href":"https:\/\/haberbesiktas.tr\/index.php?rest_route=\/wp\/v2\/posts\/7130","targetHints":{"allow":["GET"]}}],"collection":[{"href":"https:\/\/haberbesiktas.tr\/index.php?rest_route=\/wp\/v2\/posts"}],"about":[{"href":"https:\/\/haberbesiktas.tr\/index.php?rest_route=\/wp\/v2\/types\/post"}],"author":[{"embeddable":true,"href":"https:\/\/haberbesiktas.tr\/index.php?rest_route=\/wp\/v2\/users\/1"}],"replies":[{"embeddable":true,"href":"https:\/\/haberbesiktas.tr\/index.php?rest_route=%2Fwp%2Fv2%2Fcomments&post=7130"}],"version-history":[{"count":1,"href":"https:\/\/haberbesiktas.tr\/index.php?rest_route=\/wp\/v2\/posts\/7130\/revisions"}],"predecessor-version":[{"id":7132,"href":"https:\/\/haberbesiktas.tr\/index.php?rest_route=\/wp\/v2\/posts\/7130\/revisions\/7132"}],"wp:featuredmedia":[{"embeddable":true,"href":"https:\/\/haberbesiktas.tr\/index.php?rest_route=\/wp\/v2\/media\/7131"}],"wp:attachment":[{"href":"https:\/\/haberbesiktas.tr\/index.php?rest_route=%2Fwp%2Fv2%2Fmedia&parent=7130"}],"wp:term":[{"taxonomy":"category","embeddable":true,"href":"https:\/\/haberbesiktas.tr\/index.php?rest_route=%2Fwp%2Fv2%2Fcategories&post=7130"},{"taxonomy":"post_tag","embeddable":true,"href":"https:\/\/haberbesiktas.tr\/index.php?rest_route=%2Fwp%2Fv2%2Ftags&post=7130"}],"curies":[{"name":"wp","href":"https:\/\/api.w.org\/{rel}","templated":true}]}}