{"id":7136,"date":"2025-02-08T06:48:09","date_gmt":"2025-02-08T06:48:09","guid":{"rendered":"https:\/\/haberbesiktas.tr\/?p=7136"},"modified":"2025-02-08T06:48:09","modified_gmt":"2025-02-08T06:48:09","slug":"youssef-ait-bennasser-takimin-gosterdigi-performanstan-gurur-duyuyoruz","status":"publish","type":"post","link":"https:\/\/haberbesiktas.tr\/?p=7136","title":{"rendered":"Youssef Ait Bennasser: &#8220;Tak\u0131m\u0131n g\u00f6sterdi\u011fi performanstan gurur duyuyoruz&#8221;"},"content":{"rendered":"<div>Samsunspor&#8217;un Fasl\u0131 oyuncusu\u00a0<span>Youssef \u0130li\u015fkin Bennasser, Be\u015fikta\u015f ile oynad\u0131klar\u0131 ma\u00e7\u0131n akabinde a\u00e7\u0131klamalarda bulundu.<\/p>\n<p>Kar\u015f\u0131la\u015fmay\u0131 k\u0131ymetlendiren 28 ya\u015f\u0131ndaki oyuncu\u00a0<span><strong>&#8220;\u0130lk yar\u0131 \u00e7ok uygunduk. Be\u015fikta\u015f \u00fczere kuvvetli bir ekibe kar\u015f\u0131 bu t\u00fcrl\u00fc bir deplasmanda oynamak her vakit zordur. Daha sonra k\u0131rm\u0131z\u0131 g\u00f6rd\u00fck lakin 1 puan\u0131 ald\u0131k. Ekibin g\u00f6sterdi\u011fi performanstan dolay\u0131 gurur duyuyoruz. Ligin ikinci yar\u0131s\u0131 daha g\u00fc\u00e7 ge\u00e7ecektir, \u00e7al\u0131\u015fmalar\u0131m\u0131za orta vermeden devam edece\u011fiz. Ma\u00e7 ma\u00e7 bak\u0131yoruz.&#8221;<\/strong> dedi.<\/span><\/span><\/div>\n","protected":false},"excerpt":{"rendered":"<p>Samsunsporlu oyuncu Youssef \u0130li\u015fkin Bennasser, deplasmanda Be\u015fikta\u015f ile 0-0 berabere kald\u0131klar\u0131 ma\u00e7\u0131n akabinde konu\u015ftu.<\/p>\n","protected":false},"author":1,"featured_media":7137,"comment_status":"open","ping_status":"open","sticky":false,"template":"","format":"standard","meta":{"footnotes":""},"categories":[25],"tags":[],"class_list":["post-7136","post","type-post","status-publish","format-standard","has-post-thumbnail","hentry","category-futbol"],"_links":{"self":[{"href":"https:\/\/haberbesiktas.tr\/index.php?rest_route=\/wp\/v2\/posts\/7136","targetHints":{"allow":["GET"]}}],"collection":[{"href":"https:\/\/haberbesiktas.tr\/index.php?rest_route=\/wp\/v2\/posts"}],"about":[{"href":"https:\/\/haberbesiktas.tr\/index.php?rest_route=\/wp\/v2\/types\/post"}],"author":[{"embeddable":true,"href":"https:\/\/haberbesiktas.tr\/index.php?rest_route=\/wp\/v2\/users\/1"}],"replies":[{"embeddable":true,"href":"https:\/\/haberbesiktas.tr\/index.php?rest_route=%2Fwp%2Fv2%2Fcomments&post=7136"}],"version-history":[{"count":1,"href":"https:\/\/haberbesiktas.tr\/index.php?rest_route=\/wp\/v2\/posts\/7136\/revisions"}],"predecessor-version":[{"id":7138,"href":"https:\/\/haberbesiktas.tr\/index.php?rest_route=\/wp\/v2\/posts\/7136\/revisions\/7138"}],"wp:featuredmedia":[{"embeddable":true,"href":"https:\/\/haberbesiktas.tr\/index.php?rest_route=\/wp\/v2\/media\/7137"}],"wp:attachment":[{"href":"https:\/\/haberbesiktas.tr\/index.php?rest_route=%2Fwp%2Fv2%2Fmedia&parent=7136"}],"wp:term":[{"taxonomy":"category","embeddable":true,"href":"https:\/\/haberbesiktas.tr\/index.php?rest_route=%2Fwp%2Fv2%2Fcategories&post=7136"},{"taxonomy":"post_tag","embeddable":true,"href":"https:\/\/haberbesiktas.tr\/index.php?rest_route=%2Fwp%2Fv2%2Ftags&post=7136"}],"curies":[{"name":"wp","href":"https:\/\/api.w.org\/{rel}","templated":true}]}}