{"id":7172,"date":"2025-02-08T10:48:09","date_gmt":"2025-02-08T10:48:09","guid":{"rendered":"https:\/\/haberbesiktas.tr\/?p=7172"},"modified":"2025-02-08T10:48:09","modified_gmt":"2025-02-08T10:48:09","slug":"sergen-yalcin-solskjaere-mayis-ayina-kadar-dokunmasinlar","status":"publish","type":"post","link":"https:\/\/haberbesiktas.tr\/?p=7172","title":{"rendered":"Sergen Yal\u00e7\u0131n: &#8220;Solskjaer&#8217;e may\u0131s ay\u0131na kadar dokunmas\u0131nlar&#8221;"},"content":{"rendered":"<div>\n<div>\n<p>Sergen Yal\u00e7\u0131n, Be\u015fikta\u015f&#8217;\u0131n alan\u0131nda Samsunspor ile 0-0 berabere kald\u0131\u011f\u0131 u\u011fra\u015f\u0131n akabinde Be\u015fikta\u015f&#8217;\u0131n oyunu ve Ole Gunnar Solskjaer ile ilgili Ekol TV&#8217;ye a\u00e7\u0131klamalarda bulundu.<\/p>\n<p> <em><strong>\u0130\u015fte Sergen Yal\u00e7\u0131n&#8217;\u0131n o a\u00e7\u0131klamalar\u0131:<\/strong><\/em><\/p>\n<p> <strong>&#8220;TARAFTARLAR BU DURUMA ALI\u015eTI&#8221;\u00a0<\/strong><\/p>\n<p> &#8220;Be\u015fikta\u015f&#8217;\u0131n ma\u00e7lar\u0131, muhtemelen d\u00f6nem sonuna kadar bu formda devam edecek. Kadro bazen kazanacak, bazen berabere kalacak. Lakin taraftarlar\u0131n da bu duruma al\u0131\u015ft\u0131\u011f\u0131n\u0131 d\u00fc\u015f\u00fcn\u00fcyorum. Ayr\u0131yeten, yeni gelen teknik y\u00f6neticinin \u00e7ok fazla ele\u015ftirilmesini beklemiyorum.&#8221;\u00a0<\/p>\n<p> <strong>&#8220;HOCAYA MAYIS AYINA KADAR DOKUNMASINLAR&#8221;<\/strong><\/p>\n<p> &#8220;Yap\u0131lacak transferler, \u00f6n\u00fcm\u00fczdeki d\u00f6nemin planlamas\u0131na uygun olmal\u0131; devre ortas\u0131 i\u00e7in s\u00fcreksiz transferler yap\u0131lmamal\u0131. Zira kesinlikle bir de\u011fi\u015fim s\u00fcreci ya\u015fanacak. Yeni gelen hoca da kesinlikle yeni bir planlama yapacakt\u0131r. Asl\u0131nda Solskjaer ile bu d\u00f6nem i\u00e7in de\u011fil, \u00f6n\u00fcm\u00fczdeki d\u00f6nem i\u00e7in mutabakat sa\u011flad\u0131lar. O y\u00fczden hocaya may\u0131s ay\u0131na kadar dokunmas\u0131nlar&#8221;\u00a0<\/p>\n<p> Portekizli oyuncu hakk\u0131nda konu\u015fan Yal\u00e7\u0131n,<strong> &#8220;Kafam\u0131zda bir Gedson Fernandes profili var ancak yaln\u0131zca ba\u015f\u0131m\u0131zda, alanda bu t\u00fcrl\u00fc bir oyuncu yok. Gedson&#8217;un \u00e7ok yetenekli bir futbolcu oldu\u011funu d\u00fc\u015f\u00fcnm\u00fcyorum. Evet, ko\u015fuyor, \u00e7aba ediyor ancak yetenekli bir oyuncu de\u011fil.&#8221;<\/strong> dedi.<\/p>\n<p> Rafa&#8217;n\u0131n etkisiz oldu\u011funu belirten Yal\u00e7\u0131n, <strong>&#8220;Rafa Silva, \u00e7ok yetenekli bir oyuncusun, de\u011fil mi? O vakit \u00e7\u0131k\u0131p bir ma\u00e7 kazand\u0131r. Frikikten gol at, verka\u00e7 yap, bir gol at ve ma\u00e7\u0131 kazand\u0131r. \u00c2l\u00e2 oyuncu dedi\u011fin, ma\u00e7 kazand\u0131r\u0131r. Lakin Rafa Silva, haftalard\u0131r alanda etkisiz.&#8221; <\/strong>dedi.<\/p>\n<p> Immobile&#8217;nin etkisiz oldu\u011funu lisana getiren yorumcu Sergen Yal\u00e7\u0131n<strong> &#8220;Immobile&#8217;yi alanda sadece birinci yar\u0131da \u00e7ekti\u011fi \u015futta g\u00f6rd\u00fcm, onun d\u0131\u015f\u0131nda alanda yoktu. Be\u015fikta\u015f&#8217;ta santrfor oynuyorsan, alanda bu kadar kaybolamazs\u0131n. 95 dakika oynuyorsun ancak Immobile&#8217;yi yaln\u0131zca 3-4 defa g\u00f6rebiliyorsun. Bu, yap\u0131lan kontratlar\u0131n ve y\u0131ld\u0131z oyuncu olman\u0131n kar\u015f\u0131l\u0131\u011f\u0131 de\u011fil.&#8221;<\/strong> kelamlar\u0131n\u0131 sarf etti.<\/p>\n<p> <strong>&#8220;10 YA\u015eINDAK\u0130 \u00c7OCUK BU T\u00dcRL\u00dc TAKIM KURULMAZ DER&#8221;<\/strong><\/p>\n<p> &#8220;Bu planlamay\u0131 Hasan Arat m\u0131 yapt\u0131, H\u00fcseyin Y\u00fccel mi yapt\u0131 kim yapt\u0131ysa 10 ya\u015f\u0131ndaki \u00e7ocuk bile bu t\u00fcrl\u00fc tak\u0131m kurulmaz der.&#8221;<\/p>\n<p> <strong>&#8220;DAHA EVVEL TAVS\u0130YE ETT\u0130M&#8230;&#8221;\u00a0<\/strong><\/p>\n<p> &#8220;Hasan Arat ve Giovanni van Bronckhorst, adeta tereya\u011f\u0131ndan k\u0131l \u00e7eker \u00fczere ortadan kayboldular. Art\u0131k, say\u0131n Serdal Adal\u0131 bu kadrosu nas\u0131l maksada oynataca\u011f\u0131n\u0131, bu de\u011fi\u015fimi nas\u0131l ger\u00e7ekle\u015ftirece\u011fini, mevcut kontratlardan nas\u0131l \u00e7\u0131k\u0131p yeni kontratlar yapaca\u011f\u0131n\u0131 d\u00fc\u015f\u00fcnmek zorunda. Bunlar nitekim \u00e7ok g\u00fc\u00e7 i\u015fler. Daha evvel de tavsiye ettim: Be\u015fikta\u015f, devre ortas\u0131nda g\u00fcn\u00fc kurtarmak i\u00e7in transfer yapmamal\u0131.&#8221;<\/p>\n<p> <strong>&#8220;UEFA AVRUPA L\u0130G\u0130&#8217;NDE FAZLA \u0130LERLEYEMEZLER\u00a0<\/strong><\/p>\n<p> &#8220;Be\u015fikta\u015f&#8217;\u0131n UEFA Avrupa Ligi&#8217;nde \u00e7ok fazla ilerleyece\u011fini d\u00fc\u015f\u00fcnm\u00fcyorum.&#8221;<\/p><\/div>\n<\/div>\n","protected":false},"excerpt":{"rendered":"<p>Sergen Yal\u00e7\u0131n, Samsunspor ma\u00e7\u0131n\u0131n akabinde siyah-beyazl\u0131 kadrosu yorumlarken Ole Gunnar Solskjaer&#8217;le ilgili de de\u011ferlendirmelerde bulundu.<\/p>\n","protected":false},"author":1,"featured_media":7173,"comment_status":"open","ping_status":"open","sticky":false,"template":"","format":"standard","meta":{"footnotes":""},"categories":[25],"tags":[49,926],"class_list":["post-7172","post","type-post","status-publish","format-standard","has-post-thumbnail","hentry","category-futbol","tag-oyuncu","tag-sahada"],"_links":{"self":[{"href":"https:\/\/haberbesiktas.tr\/index.php?rest_route=\/wp\/v2\/posts\/7172","targetHints":{"allow":["GET"]}}],"collection":[{"href":"https:\/\/haberbesiktas.tr\/index.php?rest_route=\/wp\/v2\/posts"}],"about":[{"href":"https:\/\/haberbesiktas.tr\/index.php?rest_route=\/wp\/v2\/types\/post"}],"author":[{"embeddable":true,"href":"https:\/\/haberbesiktas.tr\/index.php?rest_route=\/wp\/v2\/users\/1"}],"replies":[{"embeddable":true,"href":"https:\/\/haberbesiktas.tr\/index.php?rest_route=%2Fwp%2Fv2%2Fcomments&post=7172"}],"version-history":[{"count":1,"href":"https:\/\/haberbesiktas.tr\/index.php?rest_route=\/wp\/v2\/posts\/7172\/revisions"}],"predecessor-version":[{"id":7174,"href":"https:\/\/haberbesiktas.tr\/index.php?rest_route=\/wp\/v2\/posts\/7172\/revisions\/7174"}],"wp:featuredmedia":[{"embeddable":true,"href":"https:\/\/haberbesiktas.tr\/index.php?rest_route=\/wp\/v2\/media\/7173"}],"wp:attachment":[{"href":"https:\/\/haberbesiktas.tr\/index.php?rest_route=%2Fwp%2Fv2%2Fmedia&parent=7172"}],"wp:term":[{"taxonomy":"category","embeddable":true,"href":"https:\/\/haberbesiktas.tr\/index.php?rest_route=%2Fwp%2Fv2%2Fcategories&post=7172"},{"taxonomy":"post_tag","embeddable":true,"href":"https:\/\/haberbesiktas.tr\/index.php?rest_route=%2Fwp%2Fv2%2Ftags&post=7172"}],"curies":[{"name":"wp","href":"https:\/\/api.w.org\/{rel}","templated":true}]}}