{"id":7199,"date":"2025-02-08T13:00:06","date_gmt":"2025-02-08T13:00:06","guid":{"rendered":"https:\/\/haberbesiktas.tr\/?p=7199"},"modified":"2025-02-08T13:00:06","modified_gmt":"2025-02-08T13:00:06","slug":"havali-silahlar-federasyon-kupasi-mersinde-basladi","status":"publish","type":"post","link":"https:\/\/haberbesiktas.tr\/?p=7199","title":{"rendered":"Haval\u0131 Silahlar Federasyon Kupas\u0131 Mersin&#8217;de ba\u015flad\u0131"},"content":{"rendered":"<p>T\u00fcrkiye At\u0131c\u0131l\u0131k Federasyonu taraf\u0131ndan d\u00fczenlenen &#8220;Haval\u0131 Silahlar Murat Y\u0131lmaz Federasyon Kupas\u0131&#8221; Mersin&#8217;de ba\u015flad\u0131.\u00a0<\/p>\n<p> Faziletli il\u00e7esi \u015eevval \u0130layda Tarhan-Yusuf Dike\u00e7 Olimpik At\u0131c\u0131l\u0131k Kompleksi&#8217;nde d\u00fczenlenen \u015fampiyonaya, 486&#8217;s\u0131 tabanca ve 248&#8217;i t\u00fcfek sportmeni olmak \u00fczere toplam 734 sportmen kat\u0131l\u0131yor.<\/p>\n<p> Yar\u0131\u015f\u0131n birinci g\u00fcn\u00fc erkeklerde b\u00fcy\u00fck, gen\u00e7, y\u0131ld\u0131z A ve y\u0131ld\u0131z B kategorilerinde kar\u015f\u0131la\u015fmalar tamamland\u0131.<\/p>\n<p> T\u00fcrkiye At\u0131c\u0131l\u0131k Federasyonu Ba\u015fkan\u0131 Murat Kocakaya, gazetecilere yapt\u0131\u011f\u0131 a\u00e7\u0131klamada, Yusuf Dike\u00e7 ile \u015eevval \u0130layda Tarhan&#8217;\u0131n, T\u00fcrkiye&#8217;ye at\u0131c\u0131l\u0131k bran\u015f\u0131nda birinci olimpiyat madalyas\u0131n\u0131 kazand\u0131rmalar\u0131n\u0131n akabinde bu bran\u015fa ilginin artt\u0131\u011f\u0131n\u0131 s\u00f6yledi.<\/p>\n<p> Federasyon tarihinde birinci sefer at\u0131c\u0131l\u0131k sporu kar\u015f\u0131la\u015fmalar\u0131na rekor derecede m\u00fcracaat\u0131n yap\u0131ld\u0131\u011f\u0131n\u0131 belirten Kocakaya, \u015funlar\u0131 kaydetti:<\/p>\n<p> &#8220;At\u0131c\u0131l\u0131k sporu konsantre a\u00e7\u0131s\u0131ndan \u00e7ok de\u011ferli bir bran\u015f. Veli ve \u00e7ocuklar\u0131m\u0131za hayat\u0131n\u0131n en az\u0131ndan bir periyodunda at\u0131c\u0131l\u0131k sporunu yapmas\u0131n\u0131 tavsiye ediyorum. T\u00fcrk halk\u0131n\u0131n \u00f6rf ve adetleriyle al\u0131\u015fk\u0131n oldu\u011fu bir bran\u015f. T\u0131pk\u0131 vakitte olimpiyatlarda madalyas\u0131 \u00e7ok olan bir kol. Bu spor k\u0131sm\u0131 \u00e7ocuklar\u0131n gelece\u011fi i\u00e7in de \u00f6nemli bir katk\u0131 sa\u011flayaca\u011f\u0131n\u0131 d\u00fc\u015f\u00fcn\u00fcyorum.&#8221;<\/p>\n<p> Dereceye giren atletlere madalya ve kupalar\u0131 Kocakaya ile ulusal atlet Yusuf Dike\u00e7 taraf\u0131ndan verildi.<\/p>\n<p> Kar\u015f\u0131la\u015fmalar 23 Ocak Per\u015fembe g\u00fcn\u00fc final at\u0131\u015flar\u0131yla son bulacak.<\/p>\n","protected":false},"excerpt":{"rendered":"<p>Haval\u0131 Silahlar Murat Y\u0131lmaz Federasyon Kupas\u0131, Mersin&#8217;de ba\u015flad\u0131.<\/p>\n","protected":false},"author":1,"featured_media":7200,"comment_status":"open","ping_status":"open","sticky":false,"template":"","format":"standard","meta":{"footnotes":""},"categories":[27],"tags":[930,65],"class_list":["post-7199","post","type-post","status-publish","format-standard","has-post-thumbnail","hentry","category-guncel-haberler","tag-aticilik","tag-spor"],"_links":{"self":[{"href":"https:\/\/haberbesiktas.tr\/index.php?rest_route=\/wp\/v2\/posts\/7199","targetHints":{"allow":["GET"]}}],"collection":[{"href":"https:\/\/haberbesiktas.tr\/index.php?rest_route=\/wp\/v2\/posts"}],"about":[{"href":"https:\/\/haberbesiktas.tr\/index.php?rest_route=\/wp\/v2\/types\/post"}],"author":[{"embeddable":true,"href":"https:\/\/haberbesiktas.tr\/index.php?rest_route=\/wp\/v2\/users\/1"}],"replies":[{"embeddable":true,"href":"https:\/\/haberbesiktas.tr\/index.php?rest_route=%2Fwp%2Fv2%2Fcomments&post=7199"}],"version-history":[{"count":1,"href":"https:\/\/haberbesiktas.tr\/index.php?rest_route=\/wp\/v2\/posts\/7199\/revisions"}],"predecessor-version":[{"id":7201,"href":"https:\/\/haberbesiktas.tr\/index.php?rest_route=\/wp\/v2\/posts\/7199\/revisions\/7201"}],"wp:featuredmedia":[{"embeddable":true,"href":"https:\/\/haberbesiktas.tr\/index.php?rest_route=\/wp\/v2\/media\/7200"}],"wp:attachment":[{"href":"https:\/\/haberbesiktas.tr\/index.php?rest_route=%2Fwp%2Fv2%2Fmedia&parent=7199"}],"wp:term":[{"taxonomy":"category","embeddable":true,"href":"https:\/\/haberbesiktas.tr\/index.php?rest_route=%2Fwp%2Fv2%2Fcategories&post=7199"},{"taxonomy":"post_tag","embeddable":true,"href":"https:\/\/haberbesiktas.tr\/index.php?rest_route=%2Fwp%2Fv2%2Ftags&post=7199"}],"curies":[{"name":"wp","href":"https:\/\/api.w.org\/{rel}","templated":true}]}}