{"id":7202,"date":"2025-02-08T13:12:14","date_gmt":"2025-02-08T13:12:14","guid":{"rendered":"https:\/\/haberbesiktas.tr\/?p=7202"},"modified":"2025-02-08T13:12:14","modified_gmt":"2025-02-08T13:12:14","slug":"trabzonsporda-onuralp-cevikkan-ameliyat-oldu","status":"publish","type":"post","link":"https:\/\/haberbesiktas.tr\/?p=7202","title":{"rendered":"Trabzonspor&#8217;da Onuralp \u00c7evikkan ameliyat oldu"},"content":{"rendered":"<div>\n<p>Trabzonspor&#8217;un gen\u00e7 kalecisi Onuralp \u00c7evikkan&#8217;\u0131n sa\u011f el ikinci parma\u011f\u0131ndaki s\u0131r\u0131k nedeniyle bug\u00fcn ba\u015far\u0131l\u0131 bir operasyon ge\u00e7irdi.\u00a0<\/p>\n<p> Trabzonspor&#8217;un gen\u00e7 kalecisi Onuralp \u00c7evikkan&#8217;\u0131n sa\u011f el ikinci parma\u011f\u0131nda k\u0131r\u0131k tespit edilmesi sonras\u0131 bug\u00fcn ba\u015far\u0131l\u0131 bir operasyon ge\u00e7irdi\u011fi ifade edildi.\u00a0<\/p>\n<p> Sa\u011fl\u0131k Kurulu Lideri Do\u00e7. Dr. Ahmet Be\u015fir, Onuralp \u00c7evikkan&#8217;\u0131n s\u0131hhat durumuyla ilgili a\u00e7\u0131klamada bulundu. Be\u015fir, a\u00e7\u0131klamas\u0131nda <strong>&#8220;Sa\u011f el kemi\u011finde k\u0131r\u0131k bulunan oyuncumuz Onuralp \u00c7evikkan, sponsorumuz Ac\u0131badem Altunizade Hastanesi&#8217;nde Ortopedi ve Travmatoloji Uzman\u0131 Prof. Dr. Arel Gereli ve tak\u0131m\u0131 taraf\u0131ndan ba\u015far\u0131l\u0131 bir operasyon ge\u00e7irmi\u015ftir. Operasyon sonras\u0131 atletimizin en k\u0131sa m\u00fcddette kondisyon antrenmanlar\u0131na ba\u015flamas\u0131 planlanmaktad\u0131r&#8221;<\/strong> s\u00f6zlerinde bulundu.<\/p>\n<p> \u00a0<\/p>\n<\/div>\n","protected":false},"excerpt":{"rendered":"<p>Trabzonspor&#8217;un gen\u00e7 kalecisi Onuralp \u00c7evikkan, sa\u011f elindeki k\u0131r\u0131k nedeniyle ameliyat oldu. Atletin k\u0131sa m\u00fcddette idmanlara ba\u015flamas\u0131 planlan\u0131yor.<\/p>\n","protected":false},"author":1,"featured_media":7203,"comment_status":"open","ping_status":"open","sticky":false,"template":"","format":"standard","meta":{"footnotes":""},"categories":[25],"tags":[],"class_list":["post-7202","post","type-post","status-publish","format-standard","has-post-thumbnail","hentry","category-futbol"],"_links":{"self":[{"href":"https:\/\/haberbesiktas.tr\/index.php?rest_route=\/wp\/v2\/posts\/7202","targetHints":{"allow":["GET"]}}],"collection":[{"href":"https:\/\/haberbesiktas.tr\/index.php?rest_route=\/wp\/v2\/posts"}],"about":[{"href":"https:\/\/haberbesiktas.tr\/index.php?rest_route=\/wp\/v2\/types\/post"}],"author":[{"embeddable":true,"href":"https:\/\/haberbesiktas.tr\/index.php?rest_route=\/wp\/v2\/users\/1"}],"replies":[{"embeddable":true,"href":"https:\/\/haberbesiktas.tr\/index.php?rest_route=%2Fwp%2Fv2%2Fcomments&post=7202"}],"version-history":[{"count":1,"href":"https:\/\/haberbesiktas.tr\/index.php?rest_route=\/wp\/v2\/posts\/7202\/revisions"}],"predecessor-version":[{"id":7204,"href":"https:\/\/haberbesiktas.tr\/index.php?rest_route=\/wp\/v2\/posts\/7202\/revisions\/7204"}],"wp:featuredmedia":[{"embeddable":true,"href":"https:\/\/haberbesiktas.tr\/index.php?rest_route=\/wp\/v2\/media\/7203"}],"wp:attachment":[{"href":"https:\/\/haberbesiktas.tr\/index.php?rest_route=%2Fwp%2Fv2%2Fmedia&parent=7202"}],"wp:term":[{"taxonomy":"category","embeddable":true,"href":"https:\/\/haberbesiktas.tr\/index.php?rest_route=%2Fwp%2Fv2%2Fcategories&post=7202"},{"taxonomy":"post_tag","embeddable":true,"href":"https:\/\/haberbesiktas.tr\/index.php?rest_route=%2Fwp%2Fv2%2Ftags&post=7202"}],"curies":[{"name":"wp","href":"https:\/\/api.w.org\/{rel}","templated":true}]}}