{"id":7205,"date":"2025-02-08T13:24:08","date_gmt":"2025-02-08T13:24:08","guid":{"rendered":"https:\/\/haberbesiktas.tr\/?p=7205"},"modified":"2025-02-08T13:24:08","modified_gmt":"2025-02-08T13:24:08","slug":"16-yas-alti-erkek-milli-voleybol-takimindan-ucte-uc","status":"publish","type":"post","link":"https:\/\/haberbesiktas.tr\/?p=7205","title":{"rendered":"16 Ya\u015f Alt\u0131 Erkek Milli Voleybol Tak\u0131m\u0131&#8217;ndan \u00fc\u00e7te \u00fc\u00e7!"},"content":{"rendered":"<p>16 Ya\u015f Alt\u0131 Ulusal Erkek Voleybol Grubu, Antalya&#8217;da d\u00fczenlenen 2025 CEV Avrupa \u015eampiyonas\u0131 Elemeleri 1. raunt \u00fc\u00e7\u00fcnc\u00fc ma\u00e7\u0131nda Yunanistan&#8217;\u0131 3-1 yendi.\u00a0<\/p>\n<p> T\u00fcrkiye Voleybol Federasyonundan yap\u0131lan a\u00e7\u0131klamaya nazaran, Alanya 100. Y\u0131l Recep Hac\u0131fazl\u0131o\u011flu Salonu&#8217;nda oynanan elemelerde T\u00fcrkiye, Yunanistan ile kar\u015f\u0131la\u015ft\u0131.<\/p>\n<p> M\u00fcsabakay\u0131 25-27, 25-17, 25-23, ve 25-20&#8217;lik setlerle 3-1 ma\u011flup eden ulusallar, tertipte 3&#8217;te 3 yapt\u0131.<\/p>\n<p> M\u00fcsabakay\u0131, T\u00fcrkiye Voleybol Federasyonu (TVF) Ba\u015fkan\u0131 Mehmet Akif \u00dcst\u00fcnda\u011f, TVF Asba\u015fkan\u0131 Semih Oktay, TVF Lig \u0130\u015fleri Dan\u0131\u015fman\u0131 Recep Nurtan\u0131\u015f ve Alanya Belediyespor Kul\u00fcp Ba\u015fkan\u0131 Faruk Konuk\u00e7u trib\u00fcnden takip etti.<\/p>\n<p> Ulusallar, elemelerdeki d\u00f6rd\u00fcnc\u00fc ma\u00e7\u0131nda 19 Ocak Pazar g\u00fcn\u00fc saat 18.00&#8217;de Bulgaristan ile kar\u015f\u0131la\u015facak.\u00a0<\/p>\n<p> Gayret, TVF Voleybol TV&#8217;den canl\u0131 yay\u0131mlanacak.<\/p>\n","protected":false},"excerpt":{"rendered":"<p>16 Ya\u015f Alt\u0131 Erkek Ulusal Voleybol Grubu, Avrupa \u015eampiyonas\u0131 Elemeleri&#8217;nde 3&#8217;te 3 yapt\u0131.<\/p>\n","protected":false},"author":1,"featured_media":7206,"comment_status":"open","ping_status":"open","sticky":false,"template":"","format":"standard","meta":{"footnotes":""},"categories":[39],"tags":[],"class_list":["post-7205","post","type-post","status-publish","format-standard","has-post-thumbnail","hentry","category-voleybol"],"_links":{"self":[{"href":"https:\/\/haberbesiktas.tr\/index.php?rest_route=\/wp\/v2\/posts\/7205","targetHints":{"allow":["GET"]}}],"collection":[{"href":"https:\/\/haberbesiktas.tr\/index.php?rest_route=\/wp\/v2\/posts"}],"about":[{"href":"https:\/\/haberbesiktas.tr\/index.php?rest_route=\/wp\/v2\/types\/post"}],"author":[{"embeddable":true,"href":"https:\/\/haberbesiktas.tr\/index.php?rest_route=\/wp\/v2\/users\/1"}],"replies":[{"embeddable":true,"href":"https:\/\/haberbesiktas.tr\/index.php?rest_route=%2Fwp%2Fv2%2Fcomments&post=7205"}],"version-history":[{"count":1,"href":"https:\/\/haberbesiktas.tr\/index.php?rest_route=\/wp\/v2\/posts\/7205\/revisions"}],"predecessor-version":[{"id":7207,"href":"https:\/\/haberbesiktas.tr\/index.php?rest_route=\/wp\/v2\/posts\/7205\/revisions\/7207"}],"wp:featuredmedia":[{"embeddable":true,"href":"https:\/\/haberbesiktas.tr\/index.php?rest_route=\/wp\/v2\/media\/7206"}],"wp:attachment":[{"href":"https:\/\/haberbesiktas.tr\/index.php?rest_route=%2Fwp%2Fv2%2Fmedia&parent=7205"}],"wp:term":[{"taxonomy":"category","embeddable":true,"href":"https:\/\/haberbesiktas.tr\/index.php?rest_route=%2Fwp%2Fv2%2Fcategories&post=7205"},{"taxonomy":"post_tag","embeddable":true,"href":"https:\/\/haberbesiktas.tr\/index.php?rest_route=%2Fwp%2Fv2%2Ftags&post=7205"}],"curies":[{"name":"wp","href":"https:\/\/api.w.org\/{rel}","templated":true}]}}