{"id":7242,"date":"2025-02-08T17:00:10","date_gmt":"2025-02-08T17:00:10","guid":{"rendered":"https:\/\/haberbesiktas.tr\/?p=7242"},"modified":"2025-02-08T17:00:10","modified_gmt":"2025-02-08T17:00:10","slug":"adana-demirspor-fenerbahce-muhtemel-11ler","status":"publish","type":"post","link":"https:\/\/haberbesiktas.tr\/?p=7242","title":{"rendered":"Adana Demirspor &#8211; Fenerbah\u00e7e: Muhtemel 11&#8217;ler"},"content":{"rendered":"<div>Fenerbah\u00e7e, Trendyol \u00dcst\u00fcn Lig&#8217;in 20. haftas\u0131nda Adana Demirspor&#8217;la deplasmanda kar\u015f\u0131la\u015facak.<\/p>\n<p> Yeni Adana Stad\u0131&#8217;nda oynanacak kar\u015f\u0131la\u015fma, saat 19.00&#8217;da ba\u015flayacak. M\u00fcsabakay\u0131 Halil Umut Meler y\u00f6netecek, S\u00fcleyman \u00d6zay ve Mustafa Savranlar yard\u0131mc\u0131 hakem olarak g\u00f6rev alacak.<\/p>\n<p> Ligde \u00e7\u0131kt\u0131\u011f\u0131 18 ma\u00e7ta 13 galibiyet, 3 beraberlik ve 2 ma\u011flubiyet ya\u015fayan sar\u0131-lacivertli kadro, 42 puanla ikinci s\u0131rada bulunuyor. Bir ma\u00e7\u0131 eksik olan Jose Mourinho&#8217;nun \u00f6\u011frencileri, Adana deplasman\u0131nda kazanmas\u0131 durumunda ba\u015fkan Galatasaray&#8217;la puan fark\u0131n\u0131 6&#8217;ya indirecek.<\/p>\n<p><strong>TIKLA VE B\u0130LYONER&#8217;DE \u00c7ABUCAK OYNA<\/strong><\/p>\n<p><img decoding=\"async\" src=\"https:\/\/haberbesiktas.tr\/wp-content\/uploads\/2025\/02\/adana-demirspor-fenerbahce-muhtemel-11ler-0-E9AsWHK1.jpg\"\/><\/p>\n<p> <strong>MUHTEMEL 11&#8217;LER<\/p>\n<p>Adana Demirspor XI: <\/strong>Deniz, Arda, Tolga, Semih, Abdulsamet, Osman, Ali Yavuz, \u0130zzet, Maestro, Yusuf Barasi, Aimbetov.<\/p>\n<p><strong>Fenerbah\u00e7e XI: <\/strong>\u0130rfan Can, Mert, \u00c7a\u011flar, Djiku, O\u011fuz, Amrabat, Fred, Kostic, Tadic, En-Nesyri, Dzeko.<\/p>\n<p><img decoding=\"async\" src=\"https:\/\/haberbesiktas.tr\/wp-content\/uploads\/2025\/02\/adana-demirspor-fenerbahce-muhtemel-11ler-1-ybMnq7H8.jpg\"\/><strong><\/p>\n<p>FENERBAH\u00c7E&#8217;DE 6 EKS\u0130K<\/strong><\/p>\n<p> Fenerbah\u00e7e&#8217;nin Adana Demirspor ma\u00e7\u0131 kamp tak\u0131m\u0131 muhakkak oldu.<\/p>\n<p> Sar\u0131 lacivertli grupta sakatl\u0131klar\u0131 bulunan Dominik Livakovic, Rodrigo Becao, Samet Akaydin, Jayden Oosterwolde ve \u0130smail Y\u00fcksek tak\u0131mda yer almad\u0131.<\/p>\n<p> Hastal\u0131\u011f\u0131 bulunan Allan Saint Maximin de kafilede yer almayan bir \u00f6teki isim oldu.<\/p>\n<p> <strong>AMRABAT D\u00d6ND\u00dc<\/strong><\/p>\n<p> Sar\u0131 kart cezas\u0131 sebebiyle Konya deplasman\u0131nda ekibini yaln\u0131z b\u0131rakan Sofyan Amrabat, vazife verilmesi durumunda alandaki yerini alabilecek.<\/p>\n<p> Sar\u0131 kart hududunda bulunan Sebastian Szymanski ve Samet Akaydin, forma giyip kart g\u00f6rmeleri durumunda bir sonraki hafta oynanacak G\u00f6ztepe \u00e7abas\u0131nda cezal\u0131 duruma d\u00fc\u015fecek.<\/p>\n<p><strong>ADANA DEM\u0130R&#8217;DE SON DURUM<br \/><\/strong><\/p>\n<p> Ligde 2&#8217;\u015fer galibiyet ve beraberlik elde eden lakin 3 puan silme cezas\u0131 nedeniyle 5 puanla son s\u0131rada yer alan Adana Demirspor, 42 puanla 2. s\u0131rada bulunan rakibi kar\u015f\u0131s\u0131nda galibiyet arayacak.<\/p>\n<p> Mavi-lacivertliler, ligin birinci yar\u0131s\u0131nda\u00a0Fenerbah\u00e7e&#8217;ye deplasmanda 1-0 yenilmi\u015fti.<\/p>\n<p>42. RANDEVU<\/p>\n<p> Trendyol \u00dcst\u00fcn Lig&#8217;in 20. haftas\u0131nda Adana Demirspor&#8217;a konuk olacak\u00a0Fenerbah\u00e7e, rakibiyle ligde 42. sefer kar\u015f\u0131la\u015facak.<\/p>\n<p> \u0130ki tak\u0131m, bug\u00fcne kadar ligde 41 sefer kar\u015f\u0131 kar\u015f\u0131ya gelirken, kelam konusu m\u00fcsabakalarda\u00a0Fenerbah\u00e7e\u00a024 galibiyet ald\u0131. Adana temsilcisi 5 ma\u00e7\u0131 kazan\u0131rken, 12 m\u00fcsabakada ise e\u015fitlik bozulmad\u0131.<\/p>\n<p> Fenerbah\u00e7e&#8217;nin 41 ma\u00e7ta att\u0131\u011f\u0131 81 gole, Adana Demirspor 41 golle kar\u015f\u0131l\u0131k verdi.<\/p>\n<p> <strong>FENERBAH\u00c7E DEPLASMANDA DA \u00dcST\u00dcN<\/strong><\/p>\n<p> Fenerbah\u00e7e&#8217;nin Adana Demirspor&#8217;la deplasmanda oynad\u0131\u011f\u0131 ma\u00e7larda da \u00fcst\u00fcnl\u00fc\u011f\u00fc bulunuyor.<\/p>\n<p> \u0130ki tak\u0131m, lig tarihinde bug\u00fcne kadar Adana Demirspor&#8217;un mesken sahipli\u011finde 20 kere kar\u015f\u0131 kar\u015f\u0131ya geldi.<\/p>\n<p> Bu ma\u00e7lar\u0131n 9&#8217;unu\u00a0Fenerbah\u00e7e\u00a0kazan\u0131rken, Adana temsilcisi 3 gayrette alandan 3 puanla ayr\u0131lan taraf oldu. Sekiz m\u00fcsabakada ise beraberlik bozulmad\u0131.<\/p>\n<p> Fenerbah\u00e7e, 20 ma\u00e7ta rakibine 26 gol atarken kalesinde ise 16 gol g\u00f6rd\u00fc.<\/p>\n<p> \u0130ki tak\u0131m ortas\u0131nda Adana&#8217;da oynanan son 2 ma\u00e7, beraberlikle sonu\u00e7land\u0131.<\/p>\n<p> <strong>FARKLI GAL\u0130B\u0130YETLER FENERBAH\u00c7E&#8217;DEN<\/strong><\/p>\n<p> Fenerbah\u00e7e\u00a0ile Adana Demirspor aras\u0131nda ligde oynanan m\u00fcsabakalarda farkl\u0131 sonu\u00e7lar g\u00f6r\u00fcld\u00fc.<\/p>\n<p> 1988-1989 d\u00f6neminde Kad\u0131k\u00f6y&#8217;de oynanan kar\u015f\u0131la\u015fmada sar\u0131-lacivertliler rakibini 6-0 ile ge\u00e7erken, rekabetteki en farkl\u0131 galibiyeti elde etti.<\/p>\n<p> \u0130ki kadro ortas\u0131nda en goll\u00fc kar\u015f\u0131la\u015fma ise 1991-1992 d\u00f6neminde oynand\u0131. Kelam konusu kar\u015f\u0131la\u015fmada\u00a0Fenerbah\u00e7e\u00a0sahas\u0131nda rakibini 6-1 yenerken, ma\u00e7 toplam 7 gole sahne oldu. Sar\u0131-lacivertliler, 2 ma\u00e7ta rakibini ligde 5-0 ile ge\u00e7ti. Kelam konusu farkl\u0131 galibiyetlerin tamam\u0131nda\u00a0Fenerbah\u00e7e\u00a0ev sahibi stat\u00fcs\u00fcndeydi.<\/p>\n<p> Adana Demirspor&#8217;un mesken sahipli\u011finde oynanan ma\u00e7larda ise\u00a0Fenerbah\u00e7e\u00a0rakibini 3 kere 3-1&#8217;lik skorla, 1 kere da 2-0&#8217;l\u0131k skorla yenerek en farkl\u0131 galibiyetlerini ald\u0131.<\/p>\n<p> Akdeniz tak\u0131m\u0131 ise sar\u0131-lacivertli rakibine kar\u015f\u0131 elde etti\u011fi 5 galibiyetin 4&#8217;\u00fcn\u00fc tek farkl\u0131 skorlarla, 1&#8217;ini ise deplasmanda 2-0&#8217;l\u0131k sonu\u00e7la kazand\u0131.<\/p>\n<p> <strong>\u00a0<\/strong><\/p>\n<\/div>\n","protected":false},"excerpt":{"rendered":"<p>Fenerbah\u00e7e, Trendyol Harika Lig&#8217;in 20. haftas\u0131nda Adana Demirspor&#8217;la deplasmanda kar\u015f\u0131la\u015facak.<\/p>\n","protected":false},"author":1,"featured_media":7243,"comment_status":"open","ping_status":"open","sticky":false,"template":"","format":"standard","meta":{"footnotes":""},"categories":[25],"tags":[931,115,242,50,932],"class_list":["post-7242","post","type-post","status-publish","format-standard","has-post-thumbnail","hentry","category-futbol","tag-adana-demirspor","tag-fenerbahce","tag-galibiyet","tag-mac","tag-oyna"],"_links":{"self":[{"href":"https:\/\/haberbesiktas.tr\/index.php?rest_route=\/wp\/v2\/posts\/7242","targetHints":{"allow":["GET"]}}],"collection":[{"href":"https:\/\/haberbesiktas.tr\/index.php?rest_route=\/wp\/v2\/posts"}],"about":[{"href":"https:\/\/haberbesiktas.tr\/index.php?rest_route=\/wp\/v2\/types\/post"}],"author":[{"embeddable":true,"href":"https:\/\/haberbesiktas.tr\/index.php?rest_route=\/wp\/v2\/users\/1"}],"replies":[{"embeddable":true,"href":"https:\/\/haberbesiktas.tr\/index.php?rest_route=%2Fwp%2Fv2%2Fcomments&post=7242"}],"version-history":[{"count":1,"href":"https:\/\/haberbesiktas.tr\/index.php?rest_route=\/wp\/v2\/posts\/7242\/revisions"}],"predecessor-version":[{"id":7246,"href":"https:\/\/haberbesiktas.tr\/index.php?rest_route=\/wp\/v2\/posts\/7242\/revisions\/7246"}],"wp:featuredmedia":[{"embeddable":true,"href":"https:\/\/haberbesiktas.tr\/index.php?rest_route=\/wp\/v2\/media\/7243"}],"wp:attachment":[{"href":"https:\/\/haberbesiktas.tr\/index.php?rest_route=%2Fwp%2Fv2%2Fmedia&parent=7242"}],"wp:term":[{"taxonomy":"category","embeddable":true,"href":"https:\/\/haberbesiktas.tr\/index.php?rest_route=%2Fwp%2Fv2%2Fcategories&post=7242"},{"taxonomy":"post_tag","embeddable":true,"href":"https:\/\/haberbesiktas.tr\/index.php?rest_route=%2Fwp%2Fv2%2Ftags&post=7242"}],"curies":[{"name":"wp","href":"https:\/\/api.w.org\/{rel}","templated":true}]}}