{"id":7250,"date":"2025-02-08T17:36:11","date_gmt":"2025-02-08T17:36:11","guid":{"rendered":"https:\/\/haberbesiktas.tr\/?p=7250"},"modified":"2025-02-08T17:36:11","modified_gmt":"2025-02-08T17:36:11","slug":"spor-yazarlarindan-yorumlar-futbol-fukarasi-joao-mario","status":"publish","type":"post","link":"https:\/\/haberbesiktas.tr\/?p=7250","title":{"rendered":"Spor yazarlar\u0131ndan yorumlar: &#8220;Futbol fukaras\u0131 Joao Mario&#8221;"},"content":{"rendered":"<div>Spor m\u00fcellifleri, Trendyol Harika Lig&#8217;in 20. haftas\u0131nda Be\u015fikta\u015f ile Samsunspor ortas\u0131nda gols\u00fcz e\u015fitlikle sona eren m\u00fcsabakay\u0131 tahlil etti.<\/p>\n<p> <strong>G\u00fcntekin Onay : Solskjaer motivasyonuyla d\u00fczg\u00fcn oynad\u0131lar<\/strong><\/p>\n<p> Be\u015fikta\u015f d\u00fcn ikinci yar\u0131da kazanacak \u00e7abay\u0131 ve oyunu ortaya koydu lakin Samsunspor, savunmas\u0131 ve kaleci Okan Kocuk&#8217;un harika gayreti ile 1 puan\u0131 almay\u0131 ba\u015fard\u0131.<\/p>\n<p> Yeni teknik y\u00f6netici Ole Gunnar Solskjaer ve yard\u0131mc\u0131s\u0131 Erling Moe, d\u00fcn ma\u00e7\u0131 izlerken hangi notlar\u0131 ald\u0131lar?<\/p>\n<p> Bunu bilmek do\u011fal ki imkans\u0131z lakin ikinci yar\u0131daki Be\u015fikta\u015f&#8217;\u0131 be\u011fendiklerini d\u00fc\u015f\u00fcn\u00fcyorum. (H\u00dcRR\u0130YET)<\/p>\n<p><strong>U\u011fur Meleke : Solskjaer kalp kazan\u0131r da \u015fampiyonluk kazanabilir mi\u00a0<\/strong><\/p>\n<p> Solskjaer taktiksel bir deha kabul edilmez, zati Manchester&#8217;da da bu i\u015fleri daha \u00e7ok yard\u0131mc\u0131s\u0131 McKenna&#8217;n\u0131n yapt\u0131\u011f\u0131 s\u00f6yleniyordu. Buraya da emsal bir yard\u0131mc\u0131yla, Moe ile geldi. Solskjaer \u00e2l\u00e2 futbolcudur, uygun karakterdir.<\/p>\n<p> \u0130nsan idaresidir, kalp kazanmakt\u0131r s\u0131rr\u0131. Pekala bu \u00f6zellikler, Be\u015fikta\u015f&#8217;\u0131n yazg\u0131s\u0131n\u0131 de\u011fi\u015ftirmeye k\u00e2fi mi? Bence hi\u00e7 kolay de\u011fil i\u015fi.<\/p>\n<p> Bence d\u00fcn ak\u015fam T\u00fcpra\u015f Stad\u0131&#8217;nda Be\u015fikta\u015f&#8217;\u0131n teknik adaml\u0131k i\u00e7in hedefleyebilece\u011fi iki ba\u015far\u0131l\u0131 hoca vard\u0131: Biri Vincenzo Montella, biri de Thomas Reis&#8217;t\u0131.<\/p>\n<p> Nat\u00fcrel ki ikisinin de hala faal misyonlar\u0131 oldu\u011funun fark\u0131nday\u0131m. Lakin bilemiyorum, Manchester United&#8217;\u0131n Sporting Lizbon&#8217;a Ruben Amorim i\u00e7in 11 milyon Euro bonservis \u00f6demesi \u00fczere bir form\u00fcl deneyebilir miydi Be\u015fikta\u015f Reis i\u00e7in? (H\u00dcRR\u0130YET)<\/p>\n<p><strong>Murat \u00d6zbostan : Viking \u015fa\u015f\u0131rm\u0131\u015ft\u0131r!\u00a0<\/strong><\/p>\n<p> Be\u015fikta\u015f, 11&#8217;e 11 oyunda kendi alan\u0131nda de\u011fil de deplasmandaki bir ekip \u00fczereydi. \u00d6n alan bask\u0131s\u0131 yapamayan, daima olarak geride bekleyen durumu vard\u0131. Immobile ma\u00e7\u0131n birinci devresinin bir\u00e7oklar\u0131n\u0131 orta yuvarlakta ge\u00e7irdi. Bu da grubun ne kadar geride durdu\u011funu g\u00f6steriyordu.<\/p>\n<p> Ma\u00e7\u0131 trib\u00fcnden izleyen Solskjaer, kadronun neden bu kadar geride oynad\u0131\u011f\u0131na \u015fa\u015f\u0131rm\u0131\u015ft\u0131r. Be\u015fikta\u015f&#8217;ta s\u00fcratli, topla uzakl\u0131k kat edebilen bir kanat ve pivot santrfor transferi plan\u0131 yap\u0131l\u0131yor. Masuaku giderse bir de bek al\u0131nacak. Lakin hoca bu ma\u00e7tan sonra tahminen orta alana da farkl\u0131 bir profil isteyebilir. Samsunspor&#8217;un bir puan alarak konutuna d\u00f6nmesi onlar ismine memnunluk, Be\u015fikta\u015f&#8217;\u0131n kayb\u0131 ise siyah-beyazl\u0131lar i\u00e7in h\u00fcz\u00fcn vericiydi&#8230; (SABAH)<\/p>\n<p><img decoding=\"async\" src=\"https:\/\/haberbesiktas.tr\/wp-content\/uploads\/2025\/02\/spor-yazarlarindan-yorumlar-futbol-fukarasi-joao-mario-0-qYFrHb4p.jpg\"\/><\/p>\n<p> <strong><br \/>Turgay Demir : Kendini vurmak!<\/strong><\/p>\n<p> Samsunspor ileri-geri uygun ko\u015fan, \u00e7ok sa\u011flam gayret eden ve oyun disiplininden hi\u00e7 kopmayan bir grup. Oyuncular\u0131n beyinleriyle kalpleri \u00e7eli\u015fmedi\u011fi m\u00fcddet\u00e7e, bu ligde yenemeyecekleri grup yok. Bu t\u00fcrl\u00fc bir rakiple oynarken \u00e7ok ko\u015fmal\u0131 ve \u0131s\u0131rarak gayret etmelisiniz. Oyuncu tercihleriniz de ona nazaran olmal\u0131.<\/p>\n<p> Pekala Serdar Topraktepe ve Halim Okta o denli mi yapt\u0131lar!? Nerdeee!? Bu fevkalade ikili; futbol fukaras\u0131 Joao Mario&#8217;yu ve gitmeyi ba\u015f\u0131na koydu\u011fu i\u00e7in her toptan ka\u00e7an Al Musrati&#8217;yi alana s\u00fcrerek kendi geleceklerine kur\u015fun s\u0131kt\u0131lar adeta\u2026 Yaz\u0131k!..<\/p>\n<p> Ma\u00e7\u0131 trib\u00fcnden takip eden yeni Solksjaer, muhtemelen Gedson&#8217;a bay\u0131lm\u0131\u015f, Joao&#8217;dan s\u0131tk\u0131 s\u0131yr\u0131lm\u0131\u015f, El Musrati in\u015fallah masraf falan demi\u015ftir.Bir de \u015funu s\u00f6ylemi\u015ftir kendi kendine; bu Rashica bir defa son \u00e7izgiye indi az kald\u0131 gol oluyordu. Pekala bunu neden daima yapm\u0131yor da stoperleri \u00e7al\u0131\u015ft\u0131r\u0131r \u00fczere ortalar yap\u0131yor!? Sahi neden!? (FOTOMA\u00c7)<\/p>\n<p> <strong><\/p>\n<p>Bilal Me\u015fe : Bu enkaz nas\u0131l aya\u011fa kalkar?\u00a0<\/strong><\/p>\n<p> 64&#8217;de Van Drongelen \u00e7ift sar\u0131dan k\u0131zar\u0131p, kadrosunu on ki\u015fi b\u0131rak\u0131nca, Kartal&#8217;\u0131n i\u015ftah\u0131 \u00fcst d\u00fczeye \u00e7\u0131kt\u0131. Kadir Sa\u011flam&#8217;\u0131n ikinci sar\u0131s\u0131 bence \u00e7ok a\u011f\u0131rd\u0131! Eksik kalan Samsunspor, Ercan ile bir durum yakalad\u0131, yeniden Mert gole m\u00fcsaade vermedi.<\/p>\n<p> Tam tam\u0131na 32 dakika on ki\u015fi oynayan Samsunspor&#8217;u yenemiyorsan\u0131z, f\u0131rsatlar\u0131 golle ta\u00e7land\u0131ram\u0131yorsan\u0131z, baht\u0131n\u0131za raz\u0131 olacaks\u0131n\u0131z! Adama sorarlar, birinci yar\u0131da akl\u0131n\u0131z neredeydi?<\/p>\n<p> Ve art\u0131k top, teknik adam olarak Ole Gunnar Solskjaer&#8217;de&#8230; Meslekta\u015f\u0131 Bronchorst&#8217;tan kalan bu enkaz\u0131 nas\u0131l aya\u011fa kald\u0131racak, herkes \u00fczere ben de merak ediyorum. (M\u0130LL\u0130YET)<\/p>\n<\/div>\n","protected":false},"excerpt":{"rendered":"<p>Spor m\u00fcellifleri, Trendyol Muhte\u015fem Lig&#8217;in 20. haftas\u0131nda Be\u015fikta\u015f&#8217;\u0131n Samsunspor ile 0-0 berabere kald\u0131\u011f\u0131 m\u00fcsabakay\u0131 k\u0131ymetlendirdi.<\/p>\n","protected":false},"author":1,"featured_media":7251,"comment_status":"open","ping_status":"open","sticky":false,"template":"","format":"standard","meta":{"footnotes":""},"categories":[25],"tags":[71,43,525,860,52],"class_list":["post-7250","post","type-post","status-publish","format-standard","has-post-thumbnail","hentry","category-futbol","tag-besiktas","tag-oyun","tag-samsunspor","tag-solskjaer","tag-takim"],"_links":{"self":[{"href":"https:\/\/haberbesiktas.tr\/index.php?rest_route=\/wp\/v2\/posts\/7250","targetHints":{"allow":["GET"]}}],"collection":[{"href":"https:\/\/haberbesiktas.tr\/index.php?rest_route=\/wp\/v2\/posts"}],"about":[{"href":"https:\/\/haberbesiktas.tr\/index.php?rest_route=\/wp\/v2\/types\/post"}],"author":[{"embeddable":true,"href":"https:\/\/haberbesiktas.tr\/index.php?rest_route=\/wp\/v2\/users\/1"}],"replies":[{"embeddable":true,"href":"https:\/\/haberbesiktas.tr\/index.php?rest_route=%2Fwp%2Fv2%2Fcomments&post=7250"}],"version-history":[{"count":1,"href":"https:\/\/haberbesiktas.tr\/index.php?rest_route=\/wp\/v2\/posts\/7250\/revisions"}],"predecessor-version":[{"id":7253,"href":"https:\/\/haberbesiktas.tr\/index.php?rest_route=\/wp\/v2\/posts\/7250\/revisions\/7253"}],"wp:featuredmedia":[{"embeddable":true,"href":"https:\/\/haberbesiktas.tr\/index.php?rest_route=\/wp\/v2\/media\/7251"}],"wp:attachment":[{"href":"https:\/\/haberbesiktas.tr\/index.php?rest_route=%2Fwp%2Fv2%2Fmedia&parent=7250"}],"wp:term":[{"taxonomy":"category","embeddable":true,"href":"https:\/\/haberbesiktas.tr\/index.php?rest_route=%2Fwp%2Fv2%2Fcategories&post=7250"},{"taxonomy":"post_tag","embeddable":true,"href":"https:\/\/haberbesiktas.tr\/index.php?rest_route=%2Fwp%2Fv2%2Ftags&post=7250"}],"curies":[{"name":"wp","href":"https:\/\/api.w.org\/{rel}","templated":true}]}}