{"id":7278,"date":"2025-02-08T20:48:06","date_gmt":"2025-02-08T20:48:06","guid":{"rendered":"https:\/\/haberbesiktas.tr\/?p=7278"},"modified":"2025-02-08T20:48:06","modified_gmt":"2025-02-08T20:48:06","slug":"fenerbahcede-allan-saint-maximin-icin-ayrilik-iddiasi","status":"publish","type":"post","link":"https:\/\/haberbesiktas.tr\/?p=7278","title":{"rendered":"Fenerbah\u00e7e&#8217;de Allan Saint-Maximin i\u00e7in ayr\u0131l\u0131k iddias\u0131"},"content":{"rendered":"<div>Fenerbah\u00e7e&#8217;nin d\u00f6nem ba\u015f\u0131nda Suudi Arabistan grubu Al Ahli&#8217;den 8 milyon euro maa\u015f\u0131 kar\u015f\u0131l\u0131\u011f\u0131nda kiral\u0131k olarak tak\u0131m\u0131na katt\u0131\u011f\u0131 Allan Saint-Maximin, kadrodan ayr\u0131lmaya haz\u0131rlan\u0131yor.<\/p>\n<p> Sar\u0131-Lacivertli tak\u0131mda, beklenen etkiyi veremeyen ve son haftalarda formas\u0131n\u0131 kaybeden Frans\u0131z kanat oyuncusu, Al Ahli&#8217;ye d\u00f6necek.<\/p>\n<p> <strong>MAA\u015eININ YARISI \u00d6DENECEK<\/strong><\/p>\n<p>Suudi Arabistanl\u0131 gazeteci Walid Al-Farraj&#8217;\u0131n haberine nazaran, Allan Saint-Maximin tazminats\u0131z ve maa\u015f\u0131n\u0131n bir k\u0131sm\u0131 \u00f6denerek T\u00fcrkiye&#8217;den ayr\u0131lacak.<\/p>\n<p> Fenerbah\u00e7e idaresi, oyuncunun menajeri ile muahede kaidelerini konu\u015furken ayr\u0131nt\u0131lar da netle\u015fiyor. Haberde aktar\u0131lana nazaran Saint-Maximin, k\u0131\u015f transfer periyodunda Al Ahly&#8217;ye geri d\u00f6necek ve 8 milyon euroluk kiralama bedelinin 4 milyon eurosu Fenerbah\u00e7e&#8217;ye \u00f6denecek.<\/p>\n<p> Kelam konusu haberde, Saint-Maximin&#8217;in s\u0131k s\u0131k antrenman ka\u00e7\u0131rd\u0131\u011f\u0131 aktar\u0131l\u0131rken Frans\u0131z kanat oyuncusu, Fenerbah\u00e7e&#8217;nin Adana Demirspor ile oynayaca\u011f\u0131 ma\u00e7\u0131n tak\u0131m\u0131na hastal\u0131k m\u00fcnasebeti ile dahil edilmedi.<\/p>\n<\/div>\n","protected":false},"excerpt":{"rendered":"<p>Suudi Arabistan bas\u0131n\u0131nda Allan Saint-Maximin&#8217;in devre ortas\u0131nda Fenerbah\u00e7e&#8217;den ayr\u0131laca\u011f\u0131 \u00f6ne s\u00fcr\u00fcld\u00fc.<\/p>\n","protected":false},"author":1,"featured_media":7279,"comment_status":"open","ping_status":"open","sticky":false,"template":"","format":"standard","meta":{"footnotes":""},"categories":[25],"tags":[],"class_list":["post-7278","post","type-post","status-publish","format-standard","has-post-thumbnail","hentry","category-futbol"],"_links":{"self":[{"href":"https:\/\/haberbesiktas.tr\/index.php?rest_route=\/wp\/v2\/posts\/7278","targetHints":{"allow":["GET"]}}],"collection":[{"href":"https:\/\/haberbesiktas.tr\/index.php?rest_route=\/wp\/v2\/posts"}],"about":[{"href":"https:\/\/haberbesiktas.tr\/index.php?rest_route=\/wp\/v2\/types\/post"}],"author":[{"embeddable":true,"href":"https:\/\/haberbesiktas.tr\/index.php?rest_route=\/wp\/v2\/users\/1"}],"replies":[{"embeddable":true,"href":"https:\/\/haberbesiktas.tr\/index.php?rest_route=%2Fwp%2Fv2%2Fcomments&post=7278"}],"version-history":[{"count":1,"href":"https:\/\/haberbesiktas.tr\/index.php?rest_route=\/wp\/v2\/posts\/7278\/revisions"}],"predecessor-version":[{"id":7280,"href":"https:\/\/haberbesiktas.tr\/index.php?rest_route=\/wp\/v2\/posts\/7278\/revisions\/7280"}],"wp:featuredmedia":[{"embeddable":true,"href":"https:\/\/haberbesiktas.tr\/index.php?rest_route=\/wp\/v2\/media\/7279"}],"wp:attachment":[{"href":"https:\/\/haberbesiktas.tr\/index.php?rest_route=%2Fwp%2Fv2%2Fmedia&parent=7278"}],"wp:term":[{"taxonomy":"category","embeddable":true,"href":"https:\/\/haberbesiktas.tr\/index.php?rest_route=%2Fwp%2Fv2%2Fcategories&post=7278"},{"taxonomy":"post_tag","embeddable":true,"href":"https:\/\/haberbesiktas.tr\/index.php?rest_route=%2Fwp%2Fv2%2Ftags&post=7278"}],"curies":[{"name":"wp","href":"https:\/\/api.w.org\/{rel}","templated":true}]}}