{"id":7281,"date":"2025-02-08T21:36:06","date_gmt":"2025-02-08T21:36:06","guid":{"rendered":"https:\/\/haberbesiktas.tr\/?p=7281"},"modified":"2025-02-08T21:36:06","modified_gmt":"2025-02-08T21:36:06","slug":"okan-buruk-puan-farki-sizi-yaniltmasin","status":"publish","type":"post","link":"https:\/\/haberbesiktas.tr\/?p=7281","title":{"rendered":"Okan Buruk: &#8220;Puan fark\u0131 sizi yan\u0131ltmas\u0131n!&#8221;"},"content":{"rendered":"<div>Galatasaray&#8217;\u0131n Hatayspor kar\u015f\u0131s\u0131ndaki \u015fok puan kayb\u0131n\u0131n akabinde Teknik Y\u00f6netici Okan Buruk futbolcular\u0131n\u0131 hem teselli etti hem de dikkatlerini \u00e7ekti.<\/p>\n<p><strong>&#8220;B\u0130ZE DERS OLSUN&#8221;<\/strong><\/p>\n<p> Rakibi k\u00fc\u00e7\u00fcmsemenin bedelini \u00f6dediklerini s\u00f6yleyen sar\u0131-k\u0131rm\u0131z\u0131l\u0131 teknik adam\u0131n, <strong>&#8220;Bu ma\u00e7 bize ders olsun. Puan fark\u0131 ve rakibin durumu sizleri yan\u0131ltmamal\u0131. Her ma\u00e7\u0131 \u00f6nemsemeli ve rakibi ciddiye almal\u0131y\u0131z&#8221;\u00a0<\/strong>dedi\u011fi \u00f6\u011frenildi.<\/p>\n<p><strong>&#8220;AVRUPA&#8217;DA UNUTTURACA\u011eIZ&#8221;<\/strong><\/p>\n<p> Buruk&#8217;un, UEFA Avrupa Ligi&#8217;ndeki Dinamo Kiev ma\u00e7\u0131na konsantre olmalar\u0131 gerekti\u011fini belirtip,<strong> &#8220;Bu beraberli\u011fi Avrupa&#8217;da unutturmal\u0131y\u0131z. Avrupa&#8217;da telafisi olmayan bir ma\u00e7a \u00e7\u0131kaca\u011f\u0131z. Beraberlik sonras\u0131nda \u00fczg\u00fcn\u00fcz lakin Kiev ma\u00e7\u0131nda alaca\u011f\u0131m\u0131z bir galibiyet bizim kendimize getirir&#8221;<\/strong> dedi\u011fi belirtildi.<\/p>\n<p> <strong>&#8220;HATA YAPACAKTIK&#8221;<\/strong><br \/> Aslan&#8217;\u0131n hocas\u0131, ma\u00e7tan sonraki bas\u0131n toplant\u0131s\u0131nda da Avrupa ma\u00e7\u0131n\u0131 i\u015faret ederek,<strong> &#8220;Avantaj\u0131m\u0131z var, avantajl\u0131y\u0131z. Bu avantaj\u0131 s\u00fcrd\u00fcrmek istiyoruz. Bir yerde kusur yapacakt\u0131k, burada yan\u0131lg\u0131 yapt\u0131k. Bu da bize b\u00fcy\u00fck bir ders olarak ba\u015f\u0131m\u0131za ge\u00e7ecek nat\u00fcrel ki lakin dedi\u011fim \u00fczere istek, istek, konsantrasyon, 4 g\u00fcn sonra oynayaca\u011f\u0131m\u0131z bir Avrupa kupas\u0131 ma\u00e7\u0131 var. Burada \u00e7ok daha d\u00fczg\u00fcn bir halde alana \u00e7\u0131k\u0131p, bu birlikteli\u011fimizi g\u00f6stermemiz gerekiyor&#8221;<\/strong> demi\u015fti.<\/p>\n<\/div>\n","protected":false},"excerpt":{"rendered":"<p>Galatasaray&#8217;\u0131n Hatayspor kar\u015f\u0131s\u0131ndaki \u015fok puan kayb\u0131n\u0131n akabinde Teknik Y\u00f6netici Okan Buruk futbolcular\u0131n\u0131 hem teselli etti hem de dikkatlerini \u00e7ekti.<\/p>\n","protected":false},"author":1,"featured_media":7282,"comment_status":"open","ping_status":"open","sticky":false,"template":"","format":"standard","meta":{"footnotes":""},"categories":[25],"tags":[205,50],"class_list":["post-7281","post","type-post","status-publish","format-standard","has-post-thumbnail","hentry","category-futbol","tag-avrupa","tag-mac"],"_links":{"self":[{"href":"https:\/\/haberbesiktas.tr\/index.php?rest_route=\/wp\/v2\/posts\/7281","targetHints":{"allow":["GET"]}}],"collection":[{"href":"https:\/\/haberbesiktas.tr\/index.php?rest_route=\/wp\/v2\/posts"}],"about":[{"href":"https:\/\/haberbesiktas.tr\/index.php?rest_route=\/wp\/v2\/types\/post"}],"author":[{"embeddable":true,"href":"https:\/\/haberbesiktas.tr\/index.php?rest_route=\/wp\/v2\/users\/1"}],"replies":[{"embeddable":true,"href":"https:\/\/haberbesiktas.tr\/index.php?rest_route=%2Fwp%2Fv2%2Fcomments&post=7281"}],"version-history":[{"count":1,"href":"https:\/\/haberbesiktas.tr\/index.php?rest_route=\/wp\/v2\/posts\/7281\/revisions"}],"predecessor-version":[{"id":7283,"href":"https:\/\/haberbesiktas.tr\/index.php?rest_route=\/wp\/v2\/posts\/7281\/revisions\/7283"}],"wp:featuredmedia":[{"embeddable":true,"href":"https:\/\/haberbesiktas.tr\/index.php?rest_route=\/wp\/v2\/media\/7282"}],"wp:attachment":[{"href":"https:\/\/haberbesiktas.tr\/index.php?rest_route=%2Fwp%2Fv2%2Fmedia&parent=7281"}],"wp:term":[{"taxonomy":"category","embeddable":true,"href":"https:\/\/haberbesiktas.tr\/index.php?rest_route=%2Fwp%2Fv2%2Fcategories&post=7281"},{"taxonomy":"post_tag","embeddable":true,"href":"https:\/\/haberbesiktas.tr\/index.php?rest_route=%2Fwp%2Fv2%2Ftags&post=7281"}],"curies":[{"name":"wp","href":"https:\/\/api.w.org\/{rel}","templated":true}]}}