{"id":7290,"date":"2025-02-08T22:48:07","date_gmt":"2025-02-08T22:48:07","guid":{"rendered":"https:\/\/haberbesiktas.tr\/?p=7290"},"modified":"2025-02-08T22:48:07","modified_gmt":"2025-02-08T22:48:07","slug":"mehmet-ozdilek-bu-senenin-yalnizca-iki-iyi-transferi-var","status":"publish","type":"post","link":"https:\/\/haberbesiktas.tr\/?p=7290","title":{"rendered":"Mehmet \u00d6zdilek: &#8220;Bu senenin yaln\u0131zca iki iyi transferi var&#8221;"},"content":{"rendered":"<div>Trendyol S\u00fcper Lig 20. haftas\u0131nda Be\u015fikta\u015f ile Samsunspor 0-0 berabere kald\u0131.<\/p>\n<p> Mehmet \u00d6zdilek, Be\u015fikta\u015f-Samsunspor ma\u00e7\u0131n\u0131 TRT Spor&#8217;da yorumlad\u0131.<\/p>\n<p> Mehmet \u00d6zdilek, oturmu\u015f bir tak\u0131m i\u00e7inde Mu\u00e7i&#8217;nin daha tesirli olaca\u011f\u0131n\u0131 d\u00fc\u015f\u00fcnd\u00fc\u011f\u00fcn\u00fc aktard\u0131.<\/p>\n<p> <strong>Mehmet \u00d6zdilek&#8217;in ba\u015fka yorumlar\u0131 \u015f\u00f6yle:<\/strong><\/p>\n<p> Be\u015fikta\u015f&#8217;\u0131n d\u00f6nem ba\u015f\u0131nda Rafa ve Paulista d\u0131\u015f\u0131nda g\u00fczel transfer yapmad\u0131\u011f\u0131n\u0131 lisana getiren Mehmet \u00d6zdilek, &#8220;Be\u015fikta\u015f&#8217;\u0131n d\u00f6nem ba\u015f\u0131 prestijiyle yeni bir yap\u0131lanman\u0131n i\u00e7inde grup olu\u015fturmaya \u00e7al\u0131\u015f\u0131yor. Bu ekip saha i\u00e7i ve saha d\u0131\u015f\u0131 birlikteli\u011fiyle \u00e7ok oturmad\u0131. 2-3 \u00e2l\u00e2 oyuncuyu b\u00fcnyenize katt\u0131n\u0131z fakat k\u00e2fi olmad\u0131.&#8221;<\/p>\n<p> &#8220;Yine s\u00f6yl\u00fcyorum bu y\u0131l\u0131n 2 d\u00fczg\u00fcn transferi var; biri Rafa ba\u015fkas\u0131 Paulista. \u00d6teki hepsini tart\u0131\u015f\u0131r\u0131m. \u0130ki oyuncuyla ba\u015fka rakiplerle u\u011fra\u015f etmeniz m\u00fcmk\u00fcn de\u011fil&#8221; tabirlerini kulland\u0131.&#8221;<\/p>\n<p><strong>&#8220;B\u0130R\u0130 RAFA OBURU PAULISTA&#8221;<\/strong><\/p>\n<p> Be\u015fikta\u015f&#8217;\u0131n ekip olamad\u0131\u011f\u0131n\u0131n alt\u0131n\u0131 \u00e7izen \u00d6zdilek, &#8220;Dolay\u0131s\u0131yla evvel ekip olacaks\u0131n\u0131z. Be\u015fikta\u015f&#8217;\u0131n \u00e2l\u00e2 kadro olgusunu olu\u015fturmas\u0131 laz\u0131m. D\u00f6nem ba\u015f\u0131 prestijiyle bunu yapamad\u0131lar. Daima Rafa ve Gedson \u00fczerinden giden bir oyun. \u00d6teki \u00e7e\u015fitlili\u011fi yok, tertibi yok.&#8221;<\/p>\n<p> &#8220;Sahada ne yapt\u0131\u011f\u0131n\u0131 bilen bir Be\u015fikta\u015f kadrosu olmad\u0131. Rafa&#8217;n\u0131n geni\u015f alan yakalad\u0131\u011f\u0131nda ne kadar tesirli oldu\u011funu bir sefer daha g\u00f6rd\u00fck. Ona biraz Gedson ayak uydurdu. Girdikten sonra Mu\u00e7i&#8217;nin hareketlili\u011fi oyunu b\u00fcsb\u00fct\u00fcn Samsunspor alan\u0131na y\u0131kt\u0131 Be\u015fikta\u015f&#8221; halinde konu\u015ftu.<\/p>\n<p><strong>&#8220;BU SEVG\u0130 SKORA DAYALI DE\u011e\u0130L&#8221;<\/strong><\/p>\n<p> Be\u015fikta\u015f sevgisinin skora dayal\u0131 olmad\u0131\u011f\u0131n\u0131 aktaran \u00d6zdilek, &#8220;Oyun tatmin etmiyor. Ne Serdar hocay\u0131 tatmin ediyor, ne y\u00f6netimi, ne ba\u015fkan\u0131, ne taraftar\u0131&#8230; Skora dayal\u0131 de\u011fildir Be\u015fikta\u015f sevgisi. Hi\u00e7bir Be\u015fikta\u015fl\u0131 skora dayal\u0131 sevmez Be\u015fikta\u015f&#8217;\u0131 lakin saha i\u00e7inde u\u011fra\u015f eden, y\u00fcre\u011fini koyan, vazge\u00e7meyen oyunu g\u00f6rd\u00fc\u011f\u00fcnde o taraftar grubunu alk\u0131\u015flar asl\u0131nda. Bundan yoksun kald\u0131 Be\u015fikta\u015f taraftar\u0131&#8221; diyerek kelamlar\u0131n\u0131 noktalad\u0131.<\/p>\n<p> \u00a0<\/p>\n<\/div>\n","protected":false},"excerpt":{"rendered":"<p>Teknik y\u00f6netici ve futbol yorumcusu Mehmet \u00d6zdilek, Be\u015fikta\u015f&#8217;\u0131n alan\u0131nda Samsunspor ile 0-0 berabere kald\u0131\u011f\u0131 ma\u00e7\u0131 k\u0131ymetlendirdi.<\/p>\n","protected":false},"author":1,"featured_media":7291,"comment_status":"open","ping_status":"open","sticky":false,"template":"","format":"standard","meta":{"footnotes":""},"categories":[25],"tags":[71,936,935,52],"class_list":["post-7290","post","type-post","status-publish","format-standard","has-post-thumbnail","hentry","category-futbol","tag-besiktas","tag-ozdilek","tag-rafa","tag-takim"],"_links":{"self":[{"href":"https:\/\/haberbesiktas.tr\/index.php?rest_route=\/wp\/v2\/posts\/7290","targetHints":{"allow":["GET"]}}],"collection":[{"href":"https:\/\/haberbesiktas.tr\/index.php?rest_route=\/wp\/v2\/posts"}],"about":[{"href":"https:\/\/haberbesiktas.tr\/index.php?rest_route=\/wp\/v2\/types\/post"}],"author":[{"embeddable":true,"href":"https:\/\/haberbesiktas.tr\/index.php?rest_route=\/wp\/v2\/users\/1"}],"replies":[{"embeddable":true,"href":"https:\/\/haberbesiktas.tr\/index.php?rest_route=%2Fwp%2Fv2%2Fcomments&post=7290"}],"version-history":[{"count":1,"href":"https:\/\/haberbesiktas.tr\/index.php?rest_route=\/wp\/v2\/posts\/7290\/revisions"}],"predecessor-version":[{"id":7292,"href":"https:\/\/haberbesiktas.tr\/index.php?rest_route=\/wp\/v2\/posts\/7290\/revisions\/7292"}],"wp:featuredmedia":[{"embeddable":true,"href":"https:\/\/haberbesiktas.tr\/index.php?rest_route=\/wp\/v2\/media\/7291"}],"wp:attachment":[{"href":"https:\/\/haberbesiktas.tr\/index.php?rest_route=%2Fwp%2Fv2%2Fmedia&parent=7290"}],"wp:term":[{"taxonomy":"category","embeddable":true,"href":"https:\/\/haberbesiktas.tr\/index.php?rest_route=%2Fwp%2Fv2%2Fcategories&post=7290"},{"taxonomy":"post_tag","embeddable":true,"href":"https:\/\/haberbesiktas.tr\/index.php?rest_route=%2Fwp%2Fv2%2Ftags&post=7290"}],"curies":[{"name":"wp","href":"https:\/\/api.w.org\/{rel}","templated":true}]}}