{"id":7293,"date":"2025-02-08T23:12:09","date_gmt":"2025-02-08T23:12:09","guid":{"rendered":"https:\/\/haberbesiktas.tr\/?p=7293"},"modified":"2025-02-08T23:12:09","modified_gmt":"2025-02-08T23:12:09","slug":"en-nesyri-adana-demirspor-macinda-gol-istiyor","status":"publish","type":"post","link":"https:\/\/haberbesiktas.tr\/?p=7293","title":{"rendered":"En-Nesyri, Adana Demirspor ma\u00e7\u0131nda gol istiyor"},"content":{"rendered":"<div>Fenerbah\u00e7e&#8217;nin, \u00e7ift forvetle ba\u015flamas\u0131n\u0131n beklendi\u011fi Adana Demirspor m\u00fcsabakas\u0131nda en de\u011ferli gol silahlar\u0131 Edin Dzeko ile Youssef En Nesyri olacak. Bu ikiliden bilhassa son periyotta En Nesyri, epey formda&#8230;<\/p>\n<p> S\u00fcper Lig&#8217;de son oynanan Konyaspor m\u00fcsabakas\u0131n\u0131 bo\u015f ge\u00e7en Fasl\u0131 forvet, son 10 lig imtihan\u0131nda 7 sefer a\u011flar\u0131 sallad\u0131 ve 3 de asist yapt\u0131.<\/p>\n<p> Bu d\u00f6nemde Konya (d) ile birlikte yaln\u0131zca Be\u015fikta\u015f derbisini bo\u015f ge\u00e7en 27 ya\u015f\u0131ndaki forvetin toplamda bu kulvarda 18 ma\u00e7ta 8 gol\u00fc ve 3 asisti bulunuyor.\u00a0En Nesyri, Harika Lig&#8217;deki Adana Demirspor kar\u015f\u0131la\u015fmas\u0131nda da gol bulmay\u0131 hedefleyecek.<\/p>\n<\/div>\n","protected":false},"excerpt":{"rendered":"<p>Fenerbah\u00e7e&#8217;nin son haftalardaki formda golc\u00fcs\u00fc olan En Nesyri, Muhte\u015fem Lig&#8217;deki Adana Demirspor kar\u015f\u0131la\u015fmas\u0131nda da gol bulmay\u0131 hedefleyecek.<\/p>\n","protected":false},"author":1,"featured_media":7294,"comment_status":"open","ping_status":"open","sticky":false,"template":"","format":"standard","meta":{"footnotes":""},"categories":[25],"tags":[],"class_list":["post-7293","post","type-post","status-publish","format-standard","has-post-thumbnail","hentry","category-futbol"],"_links":{"self":[{"href":"https:\/\/haberbesiktas.tr\/index.php?rest_route=\/wp\/v2\/posts\/7293","targetHints":{"allow":["GET"]}}],"collection":[{"href":"https:\/\/haberbesiktas.tr\/index.php?rest_route=\/wp\/v2\/posts"}],"about":[{"href":"https:\/\/haberbesiktas.tr\/index.php?rest_route=\/wp\/v2\/types\/post"}],"author":[{"embeddable":true,"href":"https:\/\/haberbesiktas.tr\/index.php?rest_route=\/wp\/v2\/users\/1"}],"replies":[{"embeddable":true,"href":"https:\/\/haberbesiktas.tr\/index.php?rest_route=%2Fwp%2Fv2%2Fcomments&post=7293"}],"version-history":[{"count":1,"href":"https:\/\/haberbesiktas.tr\/index.php?rest_route=\/wp\/v2\/posts\/7293\/revisions"}],"predecessor-version":[{"id":7295,"href":"https:\/\/haberbesiktas.tr\/index.php?rest_route=\/wp\/v2\/posts\/7293\/revisions\/7295"}],"wp:featuredmedia":[{"embeddable":true,"href":"https:\/\/haberbesiktas.tr\/index.php?rest_route=\/wp\/v2\/media\/7294"}],"wp:attachment":[{"href":"https:\/\/haberbesiktas.tr\/index.php?rest_route=%2Fwp%2Fv2%2Fmedia&parent=7293"}],"wp:term":[{"taxonomy":"category","embeddable":true,"href":"https:\/\/haberbesiktas.tr\/index.php?rest_route=%2Fwp%2Fv2%2Fcategories&post=7293"},{"taxonomy":"post_tag","embeddable":true,"href":"https:\/\/haberbesiktas.tr\/index.php?rest_route=%2Fwp%2Fv2%2Ftags&post=7293"}],"curies":[{"name":"wp","href":"https:\/\/api.w.org\/{rel}","templated":true}]}}