{"id":7299,"date":"2025-02-08T23:36:08","date_gmt":"2025-02-08T23:36:08","guid":{"rendered":"https:\/\/haberbesiktas.tr\/?p=7299"},"modified":"2025-02-08T23:36:08","modified_gmt":"2025-02-08T23:36:08","slug":"amrabat-geri-donuyor","status":"publish","type":"post","link":"https:\/\/haberbesiktas.tr\/?p=7299","title":{"rendered":"Amrabat geri d\u00f6n\u00fcyor"},"content":{"rendered":"<div>Fenerbah\u00e7e, Trendyol Muhte\u015fem Lig&#8217;in 20. haftas\u0131nda deplasmanda Adana Demirspor ma\u00e7\u0131na \u00e7\u0131kacak.\u00a0<\/p>\n<p>Sar\u0131 kart cezas\u0131 nedeniyle Konya deplasman\u0131nda forma giyemeyen Sofyan Amrabat, cezas\u0131n\u0131 tamamlayarak yine kadroya kat\u0131ld\u0131.\u00a0<\/p>\n<p><span>Teknik y\u00f6netici Jose Mourinho, tecr\u00fcbeli orta alana tekrardan formay\u0131 verecek. <\/p>\n<p>Amrabat-Fred ikilisi tak\u0131mdaki yerini al\u0131rken sar\u0131-lacivertliler bask\u0131l\u0131 bir oyun plan\u0131 yap\u0131yor.<\/span><\/div>\n","protected":false},"excerpt":{"rendered":"<p>Sar\u0131 kart cezas\u0131 sebebiyle Konya deplasman\u0131nda ekibini yaln\u0131z b\u0131rakan Sofyan Amrabat, tak\u0131ma geri d\u00f6nd\u00fc.<\/p>\n","protected":false},"author":1,"featured_media":7300,"comment_status":"open","ping_status":"open","sticky":false,"template":"","format":"standard","meta":{"footnotes":""},"categories":[25],"tags":[],"class_list":["post-7299","post","type-post","status-publish","format-standard","has-post-thumbnail","hentry","category-futbol"],"_links":{"self":[{"href":"https:\/\/haberbesiktas.tr\/index.php?rest_route=\/wp\/v2\/posts\/7299","targetHints":{"allow":["GET"]}}],"collection":[{"href":"https:\/\/haberbesiktas.tr\/index.php?rest_route=\/wp\/v2\/posts"}],"about":[{"href":"https:\/\/haberbesiktas.tr\/index.php?rest_route=\/wp\/v2\/types\/post"}],"author":[{"embeddable":true,"href":"https:\/\/haberbesiktas.tr\/index.php?rest_route=\/wp\/v2\/users\/1"}],"replies":[{"embeddable":true,"href":"https:\/\/haberbesiktas.tr\/index.php?rest_route=%2Fwp%2Fv2%2Fcomments&post=7299"}],"version-history":[{"count":1,"href":"https:\/\/haberbesiktas.tr\/index.php?rest_route=\/wp\/v2\/posts\/7299\/revisions"}],"predecessor-version":[{"id":7301,"href":"https:\/\/haberbesiktas.tr\/index.php?rest_route=\/wp\/v2\/posts\/7299\/revisions\/7301"}],"wp:featuredmedia":[{"embeddable":true,"href":"https:\/\/haberbesiktas.tr\/index.php?rest_route=\/wp\/v2\/media\/7300"}],"wp:attachment":[{"href":"https:\/\/haberbesiktas.tr\/index.php?rest_route=%2Fwp%2Fv2%2Fmedia&parent=7299"}],"wp:term":[{"taxonomy":"category","embeddable":true,"href":"https:\/\/haberbesiktas.tr\/index.php?rest_route=%2Fwp%2Fv2%2Fcategories&post=7299"},{"taxonomy":"post_tag","embeddable":true,"href":"https:\/\/haberbesiktas.tr\/index.php?rest_route=%2Fwp%2Fv2%2Ftags&post=7299"}],"curies":[{"name":"wp","href":"https:\/\/api.w.org\/{rel}","templated":true}]}}