{"id":7323,"date":"2025-02-09T01:48:07","date_gmt":"2025-02-09T01:48:07","guid":{"rendered":"https:\/\/haberbesiktas.tr\/?p=7323"},"modified":"2025-02-09T01:48:07","modified_gmt":"2025-02-09T01:48:07","slug":"galatasarayda-mac-sonu-acil-toplanti","status":"publish","type":"post","link":"https:\/\/haberbesiktas.tr\/?p=7323","title":{"rendered":"Galatasaray&#8217;da ma\u00e7 sonu acil toplant\u0131"},"content":{"rendered":"<div>S\u00fcper Lig&#8217;in ikinci yar\u0131s\u0131na Hatayspor beraberlig\u0306i ile bas\u0327layan Galatasaray&#8217;da grubun y\u0131ld\u0131zlar\u0131 \u00e7abucak harekete gec\u0327irdi. Muslera, Osimhen, Torreira ve Mertens soyunma odas\u0131nda &#8216;acil toplant\u0131&#8217; yapt\u0131, grup arkadas\u0327lar\u0131na, &#8220;Bo\u0308yle ko\u0308tu\u0308 oynamaya hakk\u0131m\u0131z yok. Bir an o\u0308nce toparlanmal\u0131y\u0131z&#8221; dedi. Bu isimler daha sonra kameralar\u0131n kars\u0327\u0131s\u0131na gec\u0327ti.<\/p>\n<p> Osimhen, <strong>&#8220;Hatalar\u0131m\u0131zdan ders c\u0327\u0131kararak daha uygununu yapmaya c\u0327al\u0131s\u0327acag\u0306\u0131z. Bu\u0308yu\u0308k is\u0327ler bas\u0327aracag\u0306\u0131m\u0131za inan\u0131yorum&#8221;<\/strong> derken, Muslera, <strong>&#8220;Futbolda bazen bo\u0308yle uyand\u0131rmaya ihtiyac\u0327 oluyor. Bu ac\u0327\u0131dan rahat hissedebiliriz&#8221; <\/strong>ifadesini kulland\u0131. Mertens de<strong> &#8220;S\u0327u ana kadar yaln\u0131zca 3 mac\u0327 berabere kald\u0131k. M\u00fcnasebetiyle m\u00fcspet kalmal\u0131y\u0131z&#8221;<\/strong> diyerek umut dag\u0306\u0131tt\u0131.<\/p>\n<p> Bu so\u0308zlere rag\u0306men Galatasaray&#8217;daki eksikler dikkat c\u0327ekici. Savunmada kah\u0131r yas\u0327an\u0131yor, her mac\u0327 gol yeniyor. Eyu\u0308p ve Hatay mac\u0327lar\u0131nda 7.79&#8217;luk gol beklentisi vard\u0131, 4 puan b\u0131rak\u0131ld\u0131. Bitiricilik de Cimbom&#8217;un bu\u0308yu\u0308k sorunu. Kerem, Muslera, Abdu\u0308lkerim, Torreira&#8217;n\u0131n yas\u0327ad\u0131g\u0306\u0131 form du\u0308s\u0327u\u0308klu\u0308g\u0306u\u0308ne Okan Buruk c\u0327are bulamad\u0131. Sara&#8217;n\u0131n yoklug\u0306unda orta saha etkisiz kald\u0131.<\/p>\n<\/div>\n","protected":false},"excerpt":{"rendered":"<p>Galatasaray&#8217;da Hatayspor ma\u00e7\u0131 sonras\u0131 Muslera, Osimhen, Torreira ve Mertens soyunma odas\u0131nda &#8216;acil toplant\u0131&#8217; yapt\u0131.<\/p>\n","protected":false},"author":1,"featured_media":7324,"comment_status":"open","ping_status":"open","sticky":false,"template":"","format":"standard","meta":{"footnotes":""},"categories":[25],"tags":[],"class_list":["post-7323","post","type-post","status-publish","format-standard","has-post-thumbnail","hentry","category-futbol"],"_links":{"self":[{"href":"https:\/\/haberbesiktas.tr\/index.php?rest_route=\/wp\/v2\/posts\/7323","targetHints":{"allow":["GET"]}}],"collection":[{"href":"https:\/\/haberbesiktas.tr\/index.php?rest_route=\/wp\/v2\/posts"}],"about":[{"href":"https:\/\/haberbesiktas.tr\/index.php?rest_route=\/wp\/v2\/types\/post"}],"author":[{"embeddable":true,"href":"https:\/\/haberbesiktas.tr\/index.php?rest_route=\/wp\/v2\/users\/1"}],"replies":[{"embeddable":true,"href":"https:\/\/haberbesiktas.tr\/index.php?rest_route=%2Fwp%2Fv2%2Fcomments&post=7323"}],"version-history":[{"count":1,"href":"https:\/\/haberbesiktas.tr\/index.php?rest_route=\/wp\/v2\/posts\/7323\/revisions"}],"predecessor-version":[{"id":7325,"href":"https:\/\/haberbesiktas.tr\/index.php?rest_route=\/wp\/v2\/posts\/7323\/revisions\/7325"}],"wp:featuredmedia":[{"embeddable":true,"href":"https:\/\/haberbesiktas.tr\/index.php?rest_route=\/wp\/v2\/media\/7324"}],"wp:attachment":[{"href":"https:\/\/haberbesiktas.tr\/index.php?rest_route=%2Fwp%2Fv2%2Fmedia&parent=7323"}],"wp:term":[{"taxonomy":"category","embeddable":true,"href":"https:\/\/haberbesiktas.tr\/index.php?rest_route=%2Fwp%2Fv2%2Fcategories&post=7323"},{"taxonomy":"post_tag","embeddable":true,"href":"https:\/\/haberbesiktas.tr\/index.php?rest_route=%2Fwp%2Fv2%2Ftags&post=7323"}],"curies":[{"name":"wp","href":"https:\/\/api.w.org\/{rel}","templated":true}]}}