{"id":7326,"date":"2025-02-09T02:00:08","date_gmt":"2025-02-09T02:00:08","guid":{"rendered":"https:\/\/haberbesiktas.tr\/?p=7326"},"modified":"2025-02-09T02:00:08","modified_gmt":"2025-02-09T02:00:08","slug":"jose-mourinho-uc-genc-ismi-isaret-etti","status":"publish","type":"post","link":"https:\/\/haberbesiktas.tr\/?p=7326","title":{"rendered":"Jose Mourinho, \u00fc\u00e7 gen\u00e7 ismi i\u015faret etti!"},"content":{"rendered":"<div>Fenerbah\u00e7e, transfer \u00e7al\u0131\u015fmalar\u0131nda gen\u00e7 yeteneklere y\u00f6neliyor; \u00fc\u00e7 gen\u00e7 oyuncu listeye al\u0131nd\u0131.<\/p>\n<p>Teknik y\u00f6netici Jose Mourinho&#8217;nun raporu do\u011frultusunda Brondby&#8217;den Clement Bischoff (18), Monaco&#8217;dan Kassoum Ouattara (20) ve Hammarby&#8217;den Bazoumana Toure (18) i\u00e7in te\u015febb\u00fcslere ba\u015fland\u0131.<\/p>\n<div><strong>CLEMENT BISCHOFF<\/p>\n<p><img decoding=\"async\" src=\"https:\/\/haberbesiktas.tr\/wp-content\/uploads\/2025\/02\/jose-mourinho-uc-genc-ismi-isaret-etti-0-nnaGrlal.jpg\"\/><\/strong><\/p>\n<p><strong>Ya\u015f:<\/strong> 18<br \/><strong>Mevki<\/strong>: Sol kanat, sol orta saha<br \/><strong>Kul\u00fcp:<\/strong>\u00a0Br\u00f6ndby IF<br \/><strong>Piyasa Pahas\u0131:<\/strong> 3.50 M<span>?<br \/><\/span><strong>24\/25 \u0130statistikleri:<\/strong> 25 ma\u00e7 2 gol 8 asist<\/p>\n<p><strong>KASSOUM OUATTARA<\/strong><\/p>\n<p><img decoding=\"async\" src=\"https:\/\/haberbesiktas.tr\/wp-content\/uploads\/2025\/02\/jose-mourinho-uc-genc-ismi-isaret-etti-1-5dSILVA8.jpg\"\/><\/p>\n<p><strong>Ya\u015f:<\/strong> 20<br \/><strong>Mevki:<\/strong> Sol bek, sol orta saha<br \/><strong>Kul\u00fcp:<\/strong> Monaco<br \/><strong>Piyasa Pahas\u0131:<\/strong> 8.00 M?<br \/><strong>24\/25 \u0130statistikleri:<\/strong> 15 ma\u00e7 1 asist<\/p>\n<p><strong>BAZOUMANA TOURE<\/strong><\/p>\n<p><img decoding=\"async\" src=\"https:\/\/haberbesiktas.tr\/wp-content\/uploads\/2025\/02\/jose-mourinho-uc-genc-ismi-isaret-etti-2-I5yEi2cA.jpeg\"\/><\/p>\n<p><strong>Ya\u015f:<\/strong> 18<br \/><strong>Mevki:<\/strong> Sol kanat, sol orta saha<br \/><strong>Kul\u00fcp:<\/strong>\u00a0Hammarby<br \/><strong>Piyasa Pahas\u0131:<\/strong> 9.00 M?<br \/><strong>23\/24 \u0130statistikleri:<\/strong> 24 ma\u00e7 9 gol 4 asist<\/div>\n<\/div>\n","protected":false},"excerpt":{"rendered":"<p>Fenerbah\u00e7e, transfer \u00e7al\u0131\u015fmalar\u0131 do\u011frultusunda \u00fc\u00e7 gen\u00e7 ismi g\u00fcndemine ald\u0131. Bu isimler; Clement Bischoff, Kassoum Ouattara ve Bazoumana Toure.<\/p>\n","protected":false},"author":1,"featured_media":7327,"comment_status":"open","ping_status":"open","sticky":false,"template":"","format":"standard","meta":{"footnotes":""},"categories":[25],"tags":[],"class_list":["post-7326","post","type-post","status-publish","format-standard","has-post-thumbnail","hentry","category-futbol"],"_links":{"self":[{"href":"https:\/\/haberbesiktas.tr\/index.php?rest_route=\/wp\/v2\/posts\/7326","targetHints":{"allow":["GET"]}}],"collection":[{"href":"https:\/\/haberbesiktas.tr\/index.php?rest_route=\/wp\/v2\/posts"}],"about":[{"href":"https:\/\/haberbesiktas.tr\/index.php?rest_route=\/wp\/v2\/types\/post"}],"author":[{"embeddable":true,"href":"https:\/\/haberbesiktas.tr\/index.php?rest_route=\/wp\/v2\/users\/1"}],"replies":[{"embeddable":true,"href":"https:\/\/haberbesiktas.tr\/index.php?rest_route=%2Fwp%2Fv2%2Fcomments&post=7326"}],"version-history":[{"count":1,"href":"https:\/\/haberbesiktas.tr\/index.php?rest_route=\/wp\/v2\/posts\/7326\/revisions"}],"predecessor-version":[{"id":7331,"href":"https:\/\/haberbesiktas.tr\/index.php?rest_route=\/wp\/v2\/posts\/7326\/revisions\/7331"}],"wp:featuredmedia":[{"embeddable":true,"href":"https:\/\/haberbesiktas.tr\/index.php?rest_route=\/wp\/v2\/media\/7327"}],"wp:attachment":[{"href":"https:\/\/haberbesiktas.tr\/index.php?rest_route=%2Fwp%2Fv2%2Fmedia&parent=7326"}],"wp:term":[{"taxonomy":"category","embeddable":true,"href":"https:\/\/haberbesiktas.tr\/index.php?rest_route=%2Fwp%2Fv2%2Fcategories&post=7326"},{"taxonomy":"post_tag","embeddable":true,"href":"https:\/\/haberbesiktas.tr\/index.php?rest_route=%2Fwp%2Fv2%2Ftags&post=7326"}],"curies":[{"name":"wp","href":"https:\/\/api.w.org\/{rel}","templated":true}]}}