{"id":7332,"date":"2025-02-09T02:24:06","date_gmt":"2025-02-09T02:24:06","guid":{"rendered":"https:\/\/haberbesiktas.tr\/?p=7332"},"modified":"2025-02-09T02:24:06","modified_gmt":"2025-02-09T02:24:06","slug":"osimhen-resti-cekti-galatasaray","status":"publish","type":"post","link":"https:\/\/haberbesiktas.tr\/?p=7332","title":{"rendered":"Osimhen resti \u00e7ekti: Galatasaray"},"content":{"rendered":"<div>Galatasaray bu d\u00f6nem hem Trendyol S\u00fcper Lig&#8217;de hem de UEFA Avrupa Ligi&#8217;nde k\u0131ymetli muvaffakiyetler elde ederek taraftarlar\u0131n\u0131 keyifli etmek istiyor.<\/p>\n<p> Cimbom&#8217;da bu a\u011f\u0131r ma\u00e7 temposunda kimi futbolcular g\u00f6sterdikleri performansla dikkat \u00e7ekiyor.<\/p>\n<p> Sar\u0131-k\u0131rm\u0131z\u0131l\u0131larda bu futbolculardan birisi de grubun d\u00fcnyaca \u00fcnl\u00fc y\u0131ld\u0131z\u0131 Victor Osimhen. Cimbom&#8217;daki gelece\u011fi b\u00fcy\u00fck merak konusu haline gelen oyuncuyla ilgili fla\u015f geli\u015fmeler ya\u015fan\u0131yor.<\/p>\n<p> \u0130ngiliz bas\u0131n\u0131nda \u00e7\u0131kan haberlerde; Manchester United&#8217;\u0131n Osimhen i\u00e7in Napoli ile temas kurdu\u011fu bildirildi.<\/p>\n<p> ManU&#8217;da menajer Ruben Amorim&#8217;in Nijeryal\u0131 forveti \u00e7ok istedi\u011fi lakin olumlu yan\u0131t alamad\u0131\u011f\u0131 vurguland\u0131.<\/p>\n<p> Osimhen&#8217;in kesin olarak d\u00f6nemi Galatasaray&#8217;da tamamlamak istedi\u011fi aktar\u0131ld\u0131.<\/p>\n<\/div>\n","protected":false},"excerpt":{"rendered":"<p>Galatasaray&#8217;da Victor Osimhen, dev taliplerine kar\u015f\u0131n kadroda kalmak istiyor.<\/p>\n","protected":false},"author":1,"featured_media":7333,"comment_status":"open","ping_status":"open","sticky":false,"template":"","format":"standard","meta":{"footnotes":""},"categories":[25],"tags":[],"class_list":["post-7332","post","type-post","status-publish","format-standard","has-post-thumbnail","hentry","category-futbol"],"_links":{"self":[{"href":"https:\/\/haberbesiktas.tr\/index.php?rest_route=\/wp\/v2\/posts\/7332","targetHints":{"allow":["GET"]}}],"collection":[{"href":"https:\/\/haberbesiktas.tr\/index.php?rest_route=\/wp\/v2\/posts"}],"about":[{"href":"https:\/\/haberbesiktas.tr\/index.php?rest_route=\/wp\/v2\/types\/post"}],"author":[{"embeddable":true,"href":"https:\/\/haberbesiktas.tr\/index.php?rest_route=\/wp\/v2\/users\/1"}],"replies":[{"embeddable":true,"href":"https:\/\/haberbesiktas.tr\/index.php?rest_route=%2Fwp%2Fv2%2Fcomments&post=7332"}],"version-history":[{"count":1,"href":"https:\/\/haberbesiktas.tr\/index.php?rest_route=\/wp\/v2\/posts\/7332\/revisions"}],"predecessor-version":[{"id":7334,"href":"https:\/\/haberbesiktas.tr\/index.php?rest_route=\/wp\/v2\/posts\/7332\/revisions\/7334"}],"wp:featuredmedia":[{"embeddable":true,"href":"https:\/\/haberbesiktas.tr\/index.php?rest_route=\/wp\/v2\/media\/7333"}],"wp:attachment":[{"href":"https:\/\/haberbesiktas.tr\/index.php?rest_route=%2Fwp%2Fv2%2Fmedia&parent=7332"}],"wp:term":[{"taxonomy":"category","embeddable":true,"href":"https:\/\/haberbesiktas.tr\/index.php?rest_route=%2Fwp%2Fv2%2Fcategories&post=7332"},{"taxonomy":"post_tag","embeddable":true,"href":"https:\/\/haberbesiktas.tr\/index.php?rest_route=%2Fwp%2Fv2%2Ftags&post=7332"}],"curies":[{"name":"wp","href":"https:\/\/api.w.org\/{rel}","templated":true}]}}