{"id":7335,"date":"2025-02-09T02:36:05","date_gmt":"2025-02-09T02:36:05","guid":{"rendered":"https:\/\/haberbesiktas.tr\/?p=7335"},"modified":"2025-02-09T02:36:05","modified_gmt":"2025-02-09T02:36:05","slug":"galatasarayda-gabriel-sara-cok-arandi","status":"publish","type":"post","link":"https:\/\/haberbesiktas.tr\/?p=7335","title":{"rendered":"Galatasaray&#8217;da Gabriel Sara \u00e7ok arand\u0131"},"content":{"rendered":"<div>Sakatl\u0131\u011f\u0131 nedeniyle bir m\u00fchlet alanlardan uzak kalan Galatasaray&#8217;\u0131n Brezilyal\u0131 orta alan\u0131 Gabriel Sara, \u015fimdiden yoklu\u011funu hissettirdi.<\/p>\n<p> Ba\u015fak\u015fehir&#8217;le Ziraat T\u00fcrkiye Kupas\u0131&#8217;nda oynanan ma\u00e7ta sakatlanan ve ligdeki Ba\u015fak\u015fehir gayretinde forma giyemeyen Gabriel Sara, Hatayspor m\u00fcsabakas\u0131nda da oynamad\u0131.<\/p>\n<p> Brezilyal\u0131n\u0131n yoklu\u011fu orta alanda yeniden hissedildi. Galatasaray, orta alanda bilhassa birinci yar\u0131da b\u00fcy\u00fck kasvet ya\u015fad\u0131. Hatay, Galatasaray orta alan\u0131n\u0131 vakit zaman \u00e7ok rahat ge\u00e7ti. Oyun kurulumunda ise Sara&#8217;n\u0131n ekstra i\u015fleri, Kerem Demirbay ve Berkan Kutlu taraf\u0131ndan yap\u0131lamad\u0131.<\/p>\n<\/div>\n","protected":false},"excerpt":{"rendered":"<p>Sakatl\u0131\u011f\u0131 nedeniyle bir m\u00fchlet alanlardan uzak kalan Galatasaray&#8217;\u0131n Brezilyal\u0131 orta alan\u0131 Gabriel Sara, \u015fimdiden yoklu\u011funu hissettirdi.<\/p>\n","protected":false},"author":1,"featured_media":7336,"comment_status":"open","ping_status":"open","sticky":false,"template":"","format":"standard","meta":{"footnotes":""},"categories":[25],"tags":[],"class_list":["post-7335","post","type-post","status-publish","format-standard","has-post-thumbnail","hentry","category-futbol"],"_links":{"self":[{"href":"https:\/\/haberbesiktas.tr\/index.php?rest_route=\/wp\/v2\/posts\/7335","targetHints":{"allow":["GET"]}}],"collection":[{"href":"https:\/\/haberbesiktas.tr\/index.php?rest_route=\/wp\/v2\/posts"}],"about":[{"href":"https:\/\/haberbesiktas.tr\/index.php?rest_route=\/wp\/v2\/types\/post"}],"author":[{"embeddable":true,"href":"https:\/\/haberbesiktas.tr\/index.php?rest_route=\/wp\/v2\/users\/1"}],"replies":[{"embeddable":true,"href":"https:\/\/haberbesiktas.tr\/index.php?rest_route=%2Fwp%2Fv2%2Fcomments&post=7335"}],"version-history":[{"count":1,"href":"https:\/\/haberbesiktas.tr\/index.php?rest_route=\/wp\/v2\/posts\/7335\/revisions"}],"predecessor-version":[{"id":7337,"href":"https:\/\/haberbesiktas.tr\/index.php?rest_route=\/wp\/v2\/posts\/7335\/revisions\/7337"}],"wp:featuredmedia":[{"embeddable":true,"href":"https:\/\/haberbesiktas.tr\/index.php?rest_route=\/wp\/v2\/media\/7336"}],"wp:attachment":[{"href":"https:\/\/haberbesiktas.tr\/index.php?rest_route=%2Fwp%2Fv2%2Fmedia&parent=7335"}],"wp:term":[{"taxonomy":"category","embeddable":true,"href":"https:\/\/haberbesiktas.tr\/index.php?rest_route=%2Fwp%2Fv2%2Fcategories&post=7335"},{"taxonomy":"post_tag","embeddable":true,"href":"https:\/\/haberbesiktas.tr\/index.php?rest_route=%2Fwp%2Fv2%2Ftags&post=7335"}],"curies":[{"name":"wp","href":"https:\/\/api.w.org\/{rel}","templated":true}]}}