{"id":7338,"date":"2025-02-09T02:48:08","date_gmt":"2025-02-09T02:48:08","guid":{"rendered":"https:\/\/haberbesiktas.tr\/?p=7338"},"modified":"2025-02-09T02:48:08","modified_gmt":"2025-02-09T02:48:08","slug":"2025-tgf-turkiye-golf-turu-siralama-musabakalari-basladi","status":"publish","type":"post","link":"https:\/\/haberbesiktas.tr\/?p=7338","title":{"rendered":"2025 TGF T\u00fcrkiye Golf Turu s\u0131ralama m\u00fcsabakalar\u0131 ba\u015flad\u0131"},"content":{"rendered":"<p>T\u00fcrkiye Golf Federasyonunun (TGF) 2025 y\u0131l\u0131 faaliyet takvimi kapsam\u0131ndaki T\u00fcrkiye Golf Tipi s\u0131ralama kar\u015f\u0131la\u015fmalar\u0131yla Antalya&#8217;da ba\u015flad\u0131.<\/p>\n<p> Belek Turizm Merkezi&#8217;ndeki Regnum Carya Golf Kul\u00fcb\u00fc ve National Golf Kul\u00fcb\u00fc alanlar\u0131nda d\u00fczenlenen tertibe, 49&#8217;u erkek 74 atlet kat\u0131ld\u0131. Golf\u00e7\u00fcler 3 g\u00fcn boyunca 54 \u00e7ukurda s\u0131ralamaya girmek i\u00e7in \u00e7aba edecek.<\/p>\n<p> Erkeklerde ve bayanlarda birinci 18&#8217;e giren atletler TGF T\u00fcrkiye Golf Tipi&#8217;nde oynamaya hak kazanacak. 2025 TGF T\u00fcrkiye Golf \u00c7e\u015fidi toplamda 8 ayak, her ayak da 3&#8217;er raund oynanacak.<\/p>\n<p> \u00d6te yandan s\u0131ralamaya giren atletler, 22-26 Ocak&#8217;ta Antalya&#8217;da ulusal ekip aday tak\u0131m kamp\u0131yla d\u00f6nemin birinci \u00e7al\u0131\u015fmas\u0131na ba\u015flayacak.<\/p>\n<p> TGF Genel Sekreteri \u0130hsan Gencay Asan, gazetecilere yapt\u0131\u011f\u0131 a\u00e7\u0131klamada, T\u00fcrkiye Golf Tipi&#8217;ndeki atletlerin ulusal grup aday tak\u0131m\u0131n\u0131 olu\u015fturdu\u011fu belirterek, bu atletlerin bir y\u0131l boyunca yurt d\u0131\u015f\u0131ndaki kar\u015f\u0131la\u015fmalarda T\u00fcrkiye&#8217;yi temsil edeceklerini kaydetti.<\/p>\n<p> Turnuva 21 Ocak&#8217;ta sona erecek.<\/p>\n","protected":false},"excerpt":{"rendered":"<p>2025 TGF T\u00fcrkiye Golf Tipi s\u0131ralama kar\u015f\u0131la\u015fmalar\u0131 Antalya&#8217;da ba\u015flad\u0131<\/p>\n","protected":false},"author":1,"featured_media":7339,"comment_status":"open","ping_status":"open","sticky":false,"template":"","format":"standard","meta":{"footnotes":""},"categories":[27],"tags":[782],"class_list":["post-7338","post","type-post","status-publish","format-standard","has-post-thumbnail","hentry","category-guncel-haberler","tag-sporcu"],"_links":{"self":[{"href":"https:\/\/haberbesiktas.tr\/index.php?rest_route=\/wp\/v2\/posts\/7338","targetHints":{"allow":["GET"]}}],"collection":[{"href":"https:\/\/haberbesiktas.tr\/index.php?rest_route=\/wp\/v2\/posts"}],"about":[{"href":"https:\/\/haberbesiktas.tr\/index.php?rest_route=\/wp\/v2\/types\/post"}],"author":[{"embeddable":true,"href":"https:\/\/haberbesiktas.tr\/index.php?rest_route=\/wp\/v2\/users\/1"}],"replies":[{"embeddable":true,"href":"https:\/\/haberbesiktas.tr\/index.php?rest_route=%2Fwp%2Fv2%2Fcomments&post=7338"}],"version-history":[{"count":1,"href":"https:\/\/haberbesiktas.tr\/index.php?rest_route=\/wp\/v2\/posts\/7338\/revisions"}],"predecessor-version":[{"id":7340,"href":"https:\/\/haberbesiktas.tr\/index.php?rest_route=\/wp\/v2\/posts\/7338\/revisions\/7340"}],"wp:featuredmedia":[{"embeddable":true,"href":"https:\/\/haberbesiktas.tr\/index.php?rest_route=\/wp\/v2\/media\/7339"}],"wp:attachment":[{"href":"https:\/\/haberbesiktas.tr\/index.php?rest_route=%2Fwp%2Fv2%2Fmedia&parent=7338"}],"wp:term":[{"taxonomy":"category","embeddable":true,"href":"https:\/\/haberbesiktas.tr\/index.php?rest_route=%2Fwp%2Fv2%2Fcategories&post=7338"},{"taxonomy":"post_tag","embeddable":true,"href":"https:\/\/haberbesiktas.tr\/index.php?rest_route=%2Fwp%2Fv2%2Ftags&post=7338"}],"curies":[{"name":"wp","href":"https:\/\/api.w.org\/{rel}","templated":true}]}}