{"id":7386,"date":"2025-02-09T07:36:07","date_gmt":"2025-02-09T07:36:07","guid":{"rendered":"https:\/\/haberbesiktas.tr\/?p=7386"},"modified":"2025-02-09T07:36:07","modified_gmt":"2025-02-09T07:36:07","slug":"solskjaerden-transfer-mourinho-ve-proje-aciklamasi","status":"publish","type":"post","link":"https:\/\/haberbesiktas.tr\/?p=7386","title":{"rendered":"Solskjaer&#8217;den transfer, Mourinho ve proje a\u00e7\u0131klamas\u0131"},"content":{"rendered":"<div>Be\u015fikta\u015f&#8217;\u0131n yeni teknik y\u00f6neticisi Ole Gunnar Solskjaer&#8217;in imza merasimi d\u00fczenlendi.<\/p>\n<p><span><span><span><strong>\u0130\u015fte Solskjaer&#8217;in a\u00e7\u0131klamalar\u0131;<\/strong><\/p>\n<p><strong>&#8220;BA\u015eKANLA KALBEN BULU\u015eTUK&#8221;<\/strong><\/p>\n<p><span><strong>Ole Gunnar Solskjaer:<\/strong> &#8220;Ba\u015fkan\u0131m\u0131zla m\u00fckemmel g\u00f6r\u00fc\u015fmeler yapt\u0131k. Kalben bulu\u015ftuk. Bu ekipte kuraca\u011f\u0131m\u0131z ba\u011flar \u00e7ok k\u0131ymetli. Burada yeni bir temel olu\u015fturaca\u011f\u0131z. Bu benim de \u00e7ok fazla istedi\u011fim bir \u015feydi. Liderimiz, benim ve teknik heyetin kalbine dokunmu\u015ftur. UEFA&#8217;da \u00e7al\u0131\u015f\u0131rken ma\u00e7lar\u0131 ve Be\u015fikta\u015f&#8217;\u0131 takip ettim. Bu t\u00fcrl\u00fc bir kul\u00fcpte bulundu\u011fum i\u00e7in gurur duyuyorum.&#8221;<\/p>\n<p><strong>&#8220;TARAFTARIN NE \u0130STED\u0130\u011e\u0130N\u0130 B\u0130L\u0130YORUM&#8221;<\/strong><\/p>\n<p><span><strong>Ole Gunnar Solskjaer:<\/strong> &#8220;Taraftar\u0131n ne istedi\u011fini biliyorum. Bunun i\u00e7in her g\u00fcn \u00e7al\u0131\u015faca\u011f\u0131z. Ben yaln\u0131zca kazanmak i\u00e7in buraday\u0131m. Kazanma al\u0131\u015fkanl\u0131\u011f\u0131 olan oyuncular\u0131m\u0131z var. Be\u015fikta\u015f zaferleri hak eden bir kadro. Ben oyunculu\u011fum ve teknik adaml\u0131\u011f\u0131mda daima bunu hedefledim ve bu y\u00fczden buraya geldim.&#8221;<\/p>\n<p><span><strong>Ole Gunnar Solskjaer:<\/strong> &#8220;Ger\u00e7ek\u00e7i olaca\u011f\u0131z, sab\u0131rl\u0131 olaca\u011f\u0131z ve ger\u00e7ek ad\u0131mlar\u0131 ataca\u011f\u0131z. Yanl\u0131\u015f kararlar verecek, yanl\u0131\u015f transferler yapacak vaktimiz yok. Sonras\u0131nda da ger\u00e7ek sonu\u00e7lar gelecektir.&#8221;<\/p>\n<p><strong>Ole Gunnar Solskjaer:<\/strong>\u00a0&#8220;\u015eu ana kadar herkes beni \u00e7ok s\u0131cak kar\u015f\u0131lad\u0131. \u0130stanbul&#8217;da birinci g\u00fcnlerim m\u00fckemmel ge\u00e7ti. Art\u0131k i\u015fe ba\u015flayaca\u011f\u0131z. Asl\u0131nda yanl\u0131\u015f s\u00f6yledim, daha evvel \u00e7ok fazla Be\u015fikta\u015f i\u00e7in \u00e7al\u0131\u015ft\u0131m ve raporlar \u00e7\u0131kard\u0131m. Art\u0131k resmi olarak \u00e7al\u0131\u015fmalara ba\u015flayaca\u011f\u0131m.&#8221;<\/p>\n<p><span><strong>&#8220;BENCE BU B\u0130R \u0130\u015eARET&#8221; <\/strong><\/p>\n<p><\/span><span><strong>&#8220;Ba\u015far\u0131ya ula\u015fman\u0131z i\u00e7in tak\u0131m ve m\u00fchlet k\u00e2fi mi?&#8221; <\/strong><\/p>\n<p>Ole Gunnar Solskjaer: &#8220;Norve\u00e7liler olarak \u00e7ok \u00e7al\u0131\u015fan, m\u00fctevazi insanlar\u0131z. Pes etmeyiz. Be\u015fikta\u015f da bu t\u00fcrl\u00fc, biliyorum. K\u0131z\u0131m 3 Mart 2003 do\u011fumlu. Be\u015fikta\u015f da 3 Mart 1903&#8217;te kuruldu. Ortada tam 100 y\u0131l var. Bence bu bir i\u015faret. \u00c7ok \u00e7al\u0131\u015fmak laz\u0131m, yetenek de gerekli. 1,5 sene memnun olursak, 1 sene daha opsiyon var.&#8221;<\/p>\n<p><span><strong>TRANSFERLER; OYUN S\u0130STEM\u0130<\/strong><\/p>\n<p><strong>Ole Gunnar Solskjaer:<\/strong> &#8220;Futbol bir istikrar i\u015fi. F\u0131rsatlar yaratmak istiyoruz. Defansta agresif olmal\u0131y\u0131z. F<\/span><span>elsefem hamle \u00fczerine konseyi. Yaln\u0131zca pas yapmak i\u00e7in pas yapt\u0131rmam.\u00a0<\/span><span>Direkt s\u00fcratlice atak oynay\u0131p, ata\u011fa ge\u00e7meyi severim. <\/span><span>Tak\u0131mda yeterli oyuncular var. Topu kazand\u0131\u011f\u0131m\u0131zda s\u00fcratli ata\u011fa ge\u00e7ti\u011fimiz anlar Samsunspor ma\u00e7\u0131nda oldu. Bu ho\u015f bir \u015fey lakin ad\u0131m ad\u0131m bir \u015feyleri de\u011fi\u015ftirece\u011fiz. <\/span><span>Uygun ve ger\u00e7ek transferleri yapmak istiyoruz. Yanl\u0131\u015f transferleri yapacak param\u0131z ve vaktimiz yok<\/span><span>. Kul\u00fcb\u00fcn birka\u00e7 y\u0131l\u0131 s\u0131k\u0131nt\u0131 ge\u00e7ti. Ben de oyuncuydum, oyuncular maksat ister. Oyuncular kendini bu t\u00fcrl\u00fc daha yeterli hisseder. Kadro, bir\u00e7ok hoca ile \u00e7al\u0131\u015ft\u0131. Oyuncular\u0131n bu durum kar\u015f\u0131s\u0131nda y\u00fcz\u00fc d\u00fc\u015febilir. <\/span><span>Art\u0131k ileriye bakma vakti, \u00e2l\u00e2 bir oyuncu k\u00fcmemiz var.<\/span><span>&#8220;<\/p>\n<p><\/span><\/span><\/span><\/span><\/span><\/span><\/span><\/span><strong>TRANSFER A\u00c7IKLAMASI<\/p>\n<p><span>Ole Gunnar Solskjaer: <\/span><\/strong>&#8220;Transfer karar\u0131 al\u0131rken, t\u00fcm departmanlar olarak karar verece\u011fiz. Yaln\u0131zca benim ve liderin karar\u0131yla transfer olmayacak.&#8221;<\/p>\n<p><span><span><strong>Serdal Adal\u0131:<\/strong> &#8220;Transfer \u00e7al\u0131\u015fmalar\u0131 i\u00e7in hoca ile g\u00f6r\u00fc\u015fece\u011fiz.&#8221;<\/p>\n<p><span> <span><strong>Ole Gunnar Solskjaer:<\/strong>\u00a0<\/span>&#8220;Yard\u0131mc\u0131m Erling Moe ve ben, Molde&#8217;de uzun m\u00fchlet misyon yapt\u0131k. Uygun arkada\u015f\u0131z, 6 sene Molde&#8217;de teknik y\u00f6neticilik yapt\u0131. O da meydan okumaya haz\u0131rd\u0131. Biz birbirimizi uygun duruma getirdik. Kendisine projeyi anlatt\u0131m. Benim Manchester United&#8217;da, onun Molde&#8217;de yanl\u0131\u015fs\u0131z yapt\u0131\u011f\u0131 i\u015fleri yapabilece\u011fimizi s\u00f6yledim. O da kabul etti. Bu vazifeye haz\u0131r.&#8221;<br \/><\/span><\/span><\/span> <strong>&#8220;\u00d6LMEDEN EVVEL \u00c7OK P\u0130\u015eMAN OLURDUM&#8221;<\/strong><\/p>\n<p> <strong>&#8220;Be\u015fikta\u015f&#8217;tan daha evvel gelen teklifi neden kabul etmediniz?&#8221;<\/strong><\/p>\n<p> <strong>Ole Gunnar Solskjaer:<\/strong> &#8220;Daha evvel g\u00f6r\u00fc\u015ft\u00fck ancak bu defa bakan ve y\u00f6netimin projesi, yanl\u0131\u015fs\u0131z \u015feyler hissetmemi sa\u011flad\u0131. Kalp at\u0131\u015f\u0131n\u0131z\u0131n y\u00fckseldi\u011fini hissetmeniz laz\u0131m. \u00d6teki teklifler de ald\u0131m, Norve\u00e7&#8217;te uygun bir hayat\u0131m vard\u0131. Norve\u00e7&#8217;ten \u00e7\u0131kt\u0131\u011f\u0131ma de\u011fecek bir teklif olmal\u0131yd\u0131. \u0130stanbul&#8217;da ya\u015famak, b\u00f6ylesi b\u00fcy\u00fck bir kul\u00fcb\u00fcn projesine dahil olmaya &#8216;Hay\u0131r&#8217; diyemezdim. \u00d6lmeden evvel bunu kabul etmedi\u011fim i\u00e7in \u00e7ok pi\u015fman olurdum. Bu s\u00f6ylediklerim kelamda kalmamal\u0131, bir an evvel ba\u015flamak istiyorum.&#8221;<\/p>\n<p><span><strong>H\u00dcCUM OYUNU, GEN\u00c7 OYUNCULAR<\/strong> <\/p>\n<p>Ole Gunnar Solskjaer: &#8220;Ba\u015fkan asl\u0131nda bu mevzuyu a\u00e7\u0131klad\u0131. Yeni bir in\u015fa yapaca\u011f\u0131z. Yap\u0131y\u0131 olu\u015fturaca\u011f\u0131z. Daha evvelki s\u00fcre\u00e7 kaotik ge\u00e7ti, daha stabil bir yap\u0131 olmal\u0131. Hamleci, gen\u00e7 ve gayret eden oyunculara ve oyuna muhta\u00e7l\u0131\u011f\u0131m\u0131z var. Kul\u00fcb\u00fcn pahalar\u0131n\u0131 tekrar bir ortaya getirmeliyiz. Kenetlenmeliyiz. Biliyorum bunlar daha evvel s\u00f6ylendi. Fakat ben kendime ve bana inan insanlara inan\u0131yorum. Ger\u00e7ek sebeplerden \u00f6t\u00fcr\u00fc buraday\u0131m. Futbolu \u00e7ok severek ba\u015flad\u0131m ve ola\u011fan\u00fcst\u00fc mesle\u011fim oldu. Futbolu seven insanlara yard\u0131mc\u0131 olmak istiyorum. Yan\u0131tlar\u0131 da daha k\u0131sa tutmam gerekti\u011fini \u00f6\u011frenece\u011fim ancak tutkulu oldu\u011funuz vakitlerde bunu yapam\u0131yorsunuz. Tekrar de bunun i\u00e7in \u00e7al\u0131\u015faca\u011f\u0131m.&#8221;<\/p>\n<p><span><strong>&#8220;MANCHESTER UNITED \u0130LE BENZER\u0130 PROJE&#8221; <\/strong><\/p>\n<p><strong>Ole Gunnar Solskjaer:<\/strong> &#8220;Manchester United projesine benzeri bir i\u015f. Ad\u0131m ad\u0131m y\u00fckseldik. Kazanmak istiyoruz lakin ger\u00e7ek\u00e7i de olmak istiyoruz. \u00c7ok teklife &#8216;Hay\u0131r&#8217; dedim. Be\u015fikta\u015f&#8217;\u0131n projesi, Manchester United&#8217;\u0131n projesine benziyor. Makus gidi\u015fat\u0131 dindirmemiz laz\u0131m.\u00a0<span>Futbolcular\u0131m\u0131za geli\u015fmeyi \u00f6\u011fretmek istiyorum. Benimle olmalar\u0131n\u0131, uygun tarafta olmalar\u0131n\u0131 ve grup arkada\u015flar\u0131na yard\u0131m etmelerini istiyorum. Samsunspor ma\u00e7\u0131n\u0131 izledik ve tahlil ettik. Geli\u015fmemiz gereken \u015feyler var. Samsunspor yeterli ekip lakin ma\u00e7\u0131 kazanmay\u0131 hak ettik. Semih K\u0131l\u0131\u00e7soy&#8217;un son dakika durumu \u00e7ok \u015fanss\u0131zd\u0131. \u00dczerine \u00e7al\u0131\u015faca\u011f\u0131z ve geli\u015ferek devam edece\u011fiz.&#8221;<\/p>\n<p><\/span><strong>MOURINHO A\u00c7IKLAMASI<\/strong><\/p>\n<p><span><strong>Ole Gunnar Solskjaer:<\/strong> &#8220;Hen\u00fcz Jose Mourinho ile konu\u015fmad\u0131m. \u015eahane bir hoca. Jose Mourinho ile tekrar g\u00f6r\u00fc\u015fmeyi bekliyorum. Kendisi \u00e7ok h\u00fcrmet duydu\u011fum bir teknik adam.&#8221;<\/p>\n<p><span><strong>&#8220;Bu grup seneye \u015fampiyon olabilir mi? Mustafa Hekimo\u011flu&#8217;ndan yeni bir Erling Haaland \u00e7\u0131karabilir mi?&#8221; <\/strong><\/p>\n<p><strong>Ole Gunnar Solskjaer:<\/strong> &#8220;Ger\u00e7ek\u00e7i bakmak gerekiyor. Ge\u00e7en d\u00f6nem 46, bu d\u00f6nem 20 puanl\u0131k fark var. Geli\u015fime odaklanmal\u0131y\u0131z, sonras\u0131nda nereye kadar gidebilece\u011fimize bakmal\u0131y\u0131z. Performans odakl\u0131 bakmam\u0131z laz\u0131m. Ciro Immobile 35 ya\u015f\u0131nda ancak hala \u00f6\u011frenebilece\u011fi \u015feyler var. Santrforlara yard\u0131mc\u0131 olaca\u011f\u0131m. Haaland ile k\u0131yas haks\u0131zl\u0131k olur, kendisi d\u00fcnyan\u0131n en d\u00fczg\u00fcnlerinden. Semih K\u0131l\u0131\u00e7soy ile bu sabah konu\u015ftuk. Hepsine yard\u0131mc\u0131 olaca\u011f\u0131m. Haaland ba\u015f toplar\u0131nda yeterli de\u011fildi fakat art\u0131k \u00e2l\u00e2 bir durumda.&#8221;<\/p>\n<p><span><strong>&#8220;T\u00fcrkiye&#8217;ye gelen teknik adamlar\u0131n gerilim ve kaostan sa\u00e7lar\u0131 beyazl\u0131yor. Bu bask\u0131ya haz\u0131r m\u0131s\u0131n\u0131z?&#8221;<\/strong> <\/p>\n<p><strong>Ole Gunnar Solskjaer:<\/strong> &#8220;Sa\u00e7lar\u0131m beyazlad\u0131, me\u015fakkat yok (G\u00fclerek). Manchester United&#8217;da toplamda 18 sene bulundum. Bask\u0131lar her vakit olacak.&#8221;<\/p>\n<p><span><strong>Ole Gunnar Solskjaer:<\/strong> &#8220;Kartallar \u00fczere u\u00e7mak i\u00e7in gece ve g\u00fcnd\u00fcz \u00e7al\u0131\u015faca\u011f\u0131z. Sevgili taraftarlar; hayal k\u0131r\u0131kl\u0131klar\u0131n\u0131z\u0131, ne istedi\u011finizi biliyorum. Bu yolda omuz omuza birlikte y\u00fcr\u00fcyelim.&#8221;<\/span><\/span><\/span><\/span><\/span><\/span><\/p>\n<\/div>\n","protected":false},"excerpt":{"rendered":"<p>Be\u015fikta\u015f&#8217;\u0131n yeni teknik y\u00f6neticisi Ole Gunnar Solskjaer&#8217;in imza merasimi d\u00fczenlendi.<\/p>\n","protected":false},"author":1,"featured_media":7387,"comment_status":"open","ping_status":"open","sticky":false,"template":"","format":"standard","meta":{"footnotes":""},"categories":[25],"tags":[71,43,52,48,290],"class_list":["post-7386","post","type-post","status-publish","format-standard","has-post-thumbnail","hentry","category-futbol","tag-besiktas","tag-oyun","tag-takim","tag-transfer","tag-var"],"_links":{"self":[{"href":"https:\/\/haberbesiktas.tr\/index.php?rest_route=\/wp\/v2\/posts\/7386","targetHints":{"allow":["GET"]}}],"collection":[{"href":"https:\/\/haberbesiktas.tr\/index.php?rest_route=\/wp\/v2\/posts"}],"about":[{"href":"https:\/\/haberbesiktas.tr\/index.php?rest_route=\/wp\/v2\/types\/post"}],"author":[{"embeddable":true,"href":"https:\/\/haberbesiktas.tr\/index.php?rest_route=\/wp\/v2\/users\/1"}],"replies":[{"embeddable":true,"href":"https:\/\/haberbesiktas.tr\/index.php?rest_route=%2Fwp%2Fv2%2Fcomments&post=7386"}],"version-history":[{"count":1,"href":"https:\/\/haberbesiktas.tr\/index.php?rest_route=\/wp\/v2\/posts\/7386\/revisions"}],"predecessor-version":[{"id":7388,"href":"https:\/\/haberbesiktas.tr\/index.php?rest_route=\/wp\/v2\/posts\/7386\/revisions\/7388"}],"wp:featuredmedia":[{"embeddable":true,"href":"https:\/\/haberbesiktas.tr\/index.php?rest_route=\/wp\/v2\/media\/7387"}],"wp:attachment":[{"href":"https:\/\/haberbesiktas.tr\/index.php?rest_route=%2Fwp%2Fv2%2Fmedia&parent=7386"}],"wp:term":[{"taxonomy":"category","embeddable":true,"href":"https:\/\/haberbesiktas.tr\/index.php?rest_route=%2Fwp%2Fv2%2Fcategories&post=7386"},{"taxonomy":"post_tag","embeddable":true,"href":"https:\/\/haberbesiktas.tr\/index.php?rest_route=%2Fwp%2Fv2%2Ftags&post=7386"}],"curies":[{"name":"wp","href":"https:\/\/api.w.org\/{rel}","templated":true}]}}