{"id":7473,"date":"2025-02-09T16:00:09","date_gmt":"2025-02-09T16:00:09","guid":{"rendered":"https:\/\/haberbesiktas.tr\/?p=7473"},"modified":"2025-02-09T16:00:09","modified_gmt":"2025-02-09T16:00:09","slug":"jose-mourinhodan-adanada-tek-stoper","status":"publish","type":"post","link":"https:\/\/haberbesiktas.tr\/?p=7473","title":{"rendered":"Jose Mourinho&#8217;dan Adana&#8217;da tek stoper!"},"content":{"rendered":"<div>S\u00fcper Lig&#8217;de Adana Demirspor ile kar\u015f\u0131la\u015facak Fenerbah\u00e7e&#8217;de birinci 11 belirli oldu.<\/p>\n<p> Fenerbah\u00e7e Teknik Y\u00f6neticisi Jose Mourinho, ekibini alana \u00fc\u00e7l\u00fc sistemle s\u00fcrd\u00fc.<\/p>\n<p> Fenerbah\u00e7e&#8217;nin tak\u0131m\u0131nda yepyeni mevkisi stoper olan tek ismin Alexander Djiku&#8217;nun yer almas\u0131 dikkat \u00e7ekti.<\/p>\n<p> Djiku ile birlikte savunma s\u0131n\u0131r\u0131nda Mert M\u00fcld\u00fcr ve Levent Mercan vazife yapacak.<\/p>\n<p> <strong>Fenerbah\u00e7e&#8217;nin birinci 11&#8217;i \u015fu halde:<\/p>\n<p><img decoding=\"async\" src=\"https:\/\/haberbesiktas.tr\/wp-content\/uploads\/2025\/02\/jose-mourinhodan-adanada-tek-stoper-0-3Rdk5SCV.jpg\"\/><br \/><\/strong><\/p>\n<\/div>\n","protected":false},"excerpt":{"rendered":"<p>Fenerbah\u00e7e Teknik Y\u00f6neticisi Jose Mourinho, Adana Demirspor m\u00fcsabakas\u0131nda \u00f6zg\u00fcn mevkisi stoper olan yaln\u0131zca Alexander Djiku&#8217;ya vazife verdi.<\/p>\n","protected":false},"author":1,"featured_media":7474,"comment_status":"open","ping_status":"open","sticky":false,"template":"","format":"standard","meta":{"footnotes":""},"categories":[25],"tags":[],"class_list":["post-7473","post","type-post","status-publish","format-standard","has-post-thumbnail","hentry","category-futbol"],"_links":{"self":[{"href":"https:\/\/haberbesiktas.tr\/index.php?rest_route=\/wp\/v2\/posts\/7473","targetHints":{"allow":["GET"]}}],"collection":[{"href":"https:\/\/haberbesiktas.tr\/index.php?rest_route=\/wp\/v2\/posts"}],"about":[{"href":"https:\/\/haberbesiktas.tr\/index.php?rest_route=\/wp\/v2\/types\/post"}],"author":[{"embeddable":true,"href":"https:\/\/haberbesiktas.tr\/index.php?rest_route=\/wp\/v2\/users\/1"}],"replies":[{"embeddable":true,"href":"https:\/\/haberbesiktas.tr\/index.php?rest_route=%2Fwp%2Fv2%2Fcomments&post=7473"}],"version-history":[{"count":1,"href":"https:\/\/haberbesiktas.tr\/index.php?rest_route=\/wp\/v2\/posts\/7473\/revisions"}],"predecessor-version":[{"id":7476,"href":"https:\/\/haberbesiktas.tr\/index.php?rest_route=\/wp\/v2\/posts\/7473\/revisions\/7476"}],"wp:featuredmedia":[{"embeddable":true,"href":"https:\/\/haberbesiktas.tr\/index.php?rest_route=\/wp\/v2\/media\/7474"}],"wp:attachment":[{"href":"https:\/\/haberbesiktas.tr\/index.php?rest_route=%2Fwp%2Fv2%2Fmedia&parent=7473"}],"wp:term":[{"taxonomy":"category","embeddable":true,"href":"https:\/\/haberbesiktas.tr\/index.php?rest_route=%2Fwp%2Fv2%2Fcategories&post=7473"},{"taxonomy":"post_tag","embeddable":true,"href":"https:\/\/haberbesiktas.tr\/index.php?rest_route=%2Fwp%2Fv2%2Ftags&post=7473"}],"curies":[{"name":"wp","href":"https:\/\/api.w.org\/{rel}","templated":true}]}}