{"id":7483,"date":"2025-02-09T16:36:07","date_gmt":"2025-02-09T16:36:07","guid":{"rendered":"https:\/\/haberbesiktas.tr\/?p=7483"},"modified":"2025-02-09T16:36:07","modified_gmt":"2025-02-09T16:36:07","slug":"erkan-sozeri-turk-futbolunun-yakasini-birakin","status":"publish","type":"post","link":"https:\/\/haberbesiktas.tr\/?p=7483","title":{"rendered":"Erkan S\u00f6zeri: &#8220;T\u00fcrk futbolunun yakas\u0131n\u0131 b\u0131rak\u0131n&#8221;"},"content":{"rendered":"<p>Trendyol 1. Lig&#8217;in 20. haftas\u0131nda a\u011f\u0131rlad\u0131\u011f\u0131 Sakaryaspor&#8217;a 3-2 yenilen Emre G\u00f6kdemir \u0130n\u015faat Ankara Ke\u00e7i\u00f6reng\u00fcc\u00fc&#8217;n\u00fcn teknik y\u00f6neticisi Erkan S\u00f6zeri, oynad\u0131klar\u0131 oyunun kar\u015f\u0131l\u0131\u011f\u0131n\u0131 alamad\u0131klar\u0131n\u0131 savunarak \u00dcst\u00fcn Lig&#8217;in ard\u0131ndan 1. ligde de yabanc\u0131 hakemleri g\u00f6revlendirmenin d\u00fc\u015f\u00fcn\u00fclmesi gerekti\u011fini s\u00f6yledi.\u00a0<\/p>\n<p> Eryaman Stad\u0131&#8217;nda oynanan m\u00fcsabakan\u0131n akabinde d\u00fczenlenen bas\u0131n toplant\u0131s\u0131nda konu\u015fan S\u00f6zeri, hakem kararlar\u0131n\u0131 ele\u015ftirerek <strong>&#8220;Oynad\u0131\u011f\u0131m\u0131z oyunun kar\u015f\u0131l\u0131\u011f\u0131n\u0131 alamad\u0131\u011f\u0131m\u0131z ortada. Her grubun eme\u011fi var. Sakaryaspor da g\u00fc\u00e7l\u00fc kurallarda, biz de. Her kul\u00fcp g\u00fc\u00e7l\u00fc kurallarda ayakta durmaya \u00e7al\u0131\u015f\u0131yor ancak maalesef hakemler, oynad\u0131\u011f\u0131m\u0131z oyunun i\u00e7inden bir \u00e7\u0131kamad\u0131lar.&#8221;<\/strong> dedi.\u00a0<\/p>\n<p> Hakem O\u011fuzhan Aksu&#8217;nun, Sakaryaspor Kul\u00fcb\u00fcn\u00fcn hakk\u0131nda yapt\u0131\u011f\u0131 toplumsal medya payla\u015f\u0131m\u0131 y\u00fcz\u00fcnden bask\u0131 alt\u0131nda kald\u0131\u011f\u0131n\u0131 ve bunun da kararlar\u0131na yans\u0131d\u0131\u011f\u0131n\u0131 \u00f6ne s\u00fcren S\u00f6zeri, <strong>&#8220;Verilen penalt\u0131ya bakal\u0131m. \u015eayet spor kamuoyu, eski hakemler, futbolun i\u00e7indeki be\u015ferler &#8216;penalt\u0131&#8217; diyorsa ben masraf O\u011fuzhan Aksu&#8217;dan \u00f6z\u00fcr dilerim. Net veriyorsun penalt\u0131y\u0131, VAR da \u00e7a\u011f\u0131rm\u0131yor. Enteresan. Bizim y\u00fczde 100 penalt\u0131m\u0131z var. Vermiyorsun. VAR \u00e7a\u011f\u0131r\u0131yor, ondan sonra veriyorsun. Biz nas\u0131l gayret edece\u011fiz? Etkileniyorsan\u0131z &#8216;Benim hakk\u0131mda bu t\u00fcrl\u00fc bir payla\u015f\u0131m yap\u0131ld\u0131, bu hafta beni affedin&#8217; dersin MHK&#8217;ya. \u00c7\u0131kars\u0131n i\u015fin i\u00e7inden.&#8221;<\/strong> s\u00f6zlerini kulland\u0131.<\/p>\n<p> S\u00f6zeri, hakem kararlar\u0131n\u0131n kul\u00fcp i\u015f\u00e7isinden futbolcuya, teknik heyetten idare \u015furas\u0131na kadar herkesin gelece\u011fini etkiledi\u011fini hat\u0131rlatarak <strong>&#8220;S\u00f6ylenecek fazla bir \u015fey yok. T\u00fcrk futbolunun yakas\u0131n\u0131 b\u0131rak\u0131n art\u0131k. \u00dcst\u00fcn Lig&#8217;e yabanc\u0131 hakemler isteniyor ya buras\u0131 da \u00fcvey evlat de\u011fil. Buras\u0131 da \u00e7ok \u00f6nemli say\u0131lar harcanan bir lig. Bug\u00fcn ma\u00e7\u0131 konu\u015fmak isterdim ancak konu\u015famad\u0131k. Zira tesir ediyorsunuz.&#8221;<\/strong> yorumunu yapt\u0131.<\/p>\n<p> \u00a0<\/p>\n","protected":false},"excerpt":{"rendered":"<p>Emre G\u00f6kdemir \u0130n\u015faat Ankara Ke\u00e7i\u00f6reng\u00fcc\u00fc Teknik Y\u00f6neticisi Erkan S\u00f6zeri, alanlar\u0131nda Sakaryaspor&#8217;a 3-2 ma\u011flup olduklar\u0131 ma\u00e7\u0131n akabinde konu\u015ftu.<\/p>\n","protected":false},"author":1,"featured_media":7484,"comment_status":"open","ping_status":"open","sticky":false,"template":"","format":"standard","meta":{"footnotes":""},"categories":[25],"tags":[62],"class_list":["post-7483","post","type-post","status-publish","format-standard","has-post-thumbnail","hentry","category-futbol","tag-hakem"],"_links":{"self":[{"href":"https:\/\/haberbesiktas.tr\/index.php?rest_route=\/wp\/v2\/posts\/7483","targetHints":{"allow":["GET"]}}],"collection":[{"href":"https:\/\/haberbesiktas.tr\/index.php?rest_route=\/wp\/v2\/posts"}],"about":[{"href":"https:\/\/haberbesiktas.tr\/index.php?rest_route=\/wp\/v2\/types\/post"}],"author":[{"embeddable":true,"href":"https:\/\/haberbesiktas.tr\/index.php?rest_route=\/wp\/v2\/users\/1"}],"replies":[{"embeddable":true,"href":"https:\/\/haberbesiktas.tr\/index.php?rest_route=%2Fwp%2Fv2%2Fcomments&post=7483"}],"version-history":[{"count":1,"href":"https:\/\/haberbesiktas.tr\/index.php?rest_route=\/wp\/v2\/posts\/7483\/revisions"}],"predecessor-version":[{"id":7485,"href":"https:\/\/haberbesiktas.tr\/index.php?rest_route=\/wp\/v2\/posts\/7483\/revisions\/7485"}],"wp:featuredmedia":[{"embeddable":true,"href":"https:\/\/haberbesiktas.tr\/index.php?rest_route=\/wp\/v2\/media\/7484"}],"wp:attachment":[{"href":"https:\/\/haberbesiktas.tr\/index.php?rest_route=%2Fwp%2Fv2%2Fmedia&parent=7483"}],"wp:term":[{"taxonomy":"category","embeddable":true,"href":"https:\/\/haberbesiktas.tr\/index.php?rest_route=%2Fwp%2Fv2%2Fcategories&post=7483"},{"taxonomy":"post_tag","embeddable":true,"href":"https:\/\/haberbesiktas.tr\/index.php?rest_route=%2Fwp%2Fv2%2Ftags&post=7483"}],"curies":[{"name":"wp","href":"https:\/\/api.w.org\/{rel}","templated":true}]}}