{"id":7486,"date":"2025-02-09T17:00:07","date_gmt":"2025-02-09T17:00:07","guid":{"rendered":"https:\/\/haberbesiktas.tr\/?p=7486"},"modified":"2025-02-09T17:00:07","modified_gmt":"2025-02-09T17:00:07","slug":"mesut-bakkal-onemli-bir-galibiyet-aldik","status":"publish","type":"post","link":"https:\/\/haberbesiktas.tr\/?p=7486","title":{"rendered":"Mesut Bakkal: &#8220;\u00d6nemli bir galibiyet ald\u0131k&#8221;"},"content":{"rendered":"<div>\n<p>Sakaryaspor Teknik Y\u00f6neticisi Mesut Bakkal, deplasmanda Ke\u00e7i\u00f6reng\u00fcc\u00fc&#8217;n\u00fc 3-2 ma\u011flup ettikleri ma\u00e7\u0131n akabinde konu\u015ftu.\u00a0<\/p>\n<p> Sakaryaspor Teknik Y\u00f6neticisi Mesut Bakkal ise galibiyetten duydu\u011fu memnuniyetini lisana getirerek <strong>&#8220;Haftalard\u0131r \u00e2l\u00e2 oynuyoruz. Hem ko\u015fu aras\u0131 hem de devaml\u0131l\u0131k olarak. Bir \u00e7\u0131k\u0131\u015f\u0131m\u0131z vard\u0131. Bug\u00fcn o d\u00fczeye yak\u0131n pek bir \u015fey g\u00f6r\u00fclmedi lakin bilhassa ma\u00e7\u0131n ba\u015f\u0131nda 5&#8217;li ba\u015flad\u0131k, 3&#8217;l\u00fc savunmayla. Uzun toplar\u0131n gelece\u011fini biliyorduk. Sonra 4&#8217;l\u00fcye d\u00f6n\u00fcnce biraz daha rahatlad\u0131k. \u00c7ocuklar rakibin uzun toplar\u0131na kar\u015f\u0131 d\u00fczg\u00fcn sava\u015ft\u0131lar. Ke\u00e7i\u00f6reng\u00fcc\u00fc ligin en yeterli kadrolar\u0131ndan biri. \u00c7ocuklar\u0131 tebrik ediyorum. Ellerinden gelen \u00e7abay\u0131 yapt\u0131lar. Galibiyet sahiden \u00e7ok k\u0131ymetli.&#8221;<\/strong> de\u011ferlendirmesinde bulundu.<\/p>\n<p> <strong><em>Bakkal, transfer konusunda ne vakit ad\u0131m atacaklar\u0131n\u0131n sorulmas\u0131 \u00fczerine \u015fu kar\u015f\u0131l\u0131\u011f\u0131 verdi:<\/em><\/strong><\/p>\n<p> &#8220;Oyuncu almam\u0131z laz\u0131m. Sakaryaspor i\u00e7in geldi\u011fi nokta inan\u0131lmaz. Toplulu\u011fun ileri gelenlerinin elini ta\u015f\u0131n alt\u0131na koyup bir \u015feyler yapmas\u0131 gerekiyor. \u00c7ok de\u011ferli bir virajdan ge\u00e7iyoruz. Grubun dinamikli\u011fi, oyunu var ancak daha \u00f6n\u00fcm\u00fczde en az 17 ma\u00e7\u0131m\u0131z var. Ne yap\u0131lacaksa yap\u0131lmas\u0131 gerekiyor.&#8221;<\/p>\n<\/div>\n","protected":false},"excerpt":{"rendered":"<p>Sakaryaspor Teknik Y\u00f6neticisi Mesut Bakkal, deplasmanda Ke\u00e7i\u00f6reng\u00fcc\u00fc&#8217;n\u00fc 3-2 ma\u011flup ettikleri ma\u00e7\u0131n akabinde a\u00e7\u0131klamalarda bulundu.<\/p>\n","protected":false},"author":1,"featured_media":7487,"comment_status":"open","ping_status":"open","sticky":false,"template":"","format":"standard","meta":{"footnotes":""},"categories":[25],"tags":[],"class_list":["post-7486","post","type-post","status-publish","format-standard","has-post-thumbnail","hentry","category-futbol"],"_links":{"self":[{"href":"https:\/\/haberbesiktas.tr\/index.php?rest_route=\/wp\/v2\/posts\/7486","targetHints":{"allow":["GET"]}}],"collection":[{"href":"https:\/\/haberbesiktas.tr\/index.php?rest_route=\/wp\/v2\/posts"}],"about":[{"href":"https:\/\/haberbesiktas.tr\/index.php?rest_route=\/wp\/v2\/types\/post"}],"author":[{"embeddable":true,"href":"https:\/\/haberbesiktas.tr\/index.php?rest_route=\/wp\/v2\/users\/1"}],"replies":[{"embeddable":true,"href":"https:\/\/haberbesiktas.tr\/index.php?rest_route=%2Fwp%2Fv2%2Fcomments&post=7486"}],"version-history":[{"count":1,"href":"https:\/\/haberbesiktas.tr\/index.php?rest_route=\/wp\/v2\/posts\/7486\/revisions"}],"predecessor-version":[{"id":7488,"href":"https:\/\/haberbesiktas.tr\/index.php?rest_route=\/wp\/v2\/posts\/7486\/revisions\/7488"}],"wp:featuredmedia":[{"embeddable":true,"href":"https:\/\/haberbesiktas.tr\/index.php?rest_route=\/wp\/v2\/media\/7487"}],"wp:attachment":[{"href":"https:\/\/haberbesiktas.tr\/index.php?rest_route=%2Fwp%2Fv2%2Fmedia&parent=7486"}],"wp:term":[{"taxonomy":"category","embeddable":true,"href":"https:\/\/haberbesiktas.tr\/index.php?rest_route=%2Fwp%2Fv2%2Fcategories&post=7486"},{"taxonomy":"post_tag","embeddable":true,"href":"https:\/\/haberbesiktas.tr\/index.php?rest_route=%2Fwp%2Fv2%2Ftags&post=7486"}],"curies":[{"name":"wp","href":"https:\/\/api.w.org\/{rel}","templated":true}]}}