{"id":7501,"date":"2025-02-09T18:00:07","date_gmt":"2025-02-09T18:00:07","guid":{"rendered":"https:\/\/haberbesiktas.tr\/?p=7501"},"modified":"2025-02-09T18:00:07","modified_gmt":"2025-02-09T18:00:07","slug":"hakan-keles-1-puan-bizim-icin-onemli","status":"publish","type":"post","link":"https:\/\/haberbesiktas.tr\/?p=7501","title":{"rendered":"Hakan Kele\u015f: &#8220;1 puan bizim i\u00e7in \u00f6nemli&#8221;"},"content":{"rendered":"<div>Trendyol Harika Lig&#8217;in 20. haftas\u0131nda deplasmanda T\u00dcMOSAN Konyaspor ile 3-3 berabere kalan Kas\u0131mpa\u015fa&#8217;da teknik y\u00f6netici Hakan Kele\u015f, ald\u0131klar\u0131 1 puan\u0131n kendileri i\u00e7in bedelli oldu\u011funu belirtti.<\/p>\n<p> Kele\u015f, MEDA\u015e Konya B\u00fcy\u00fck\u015fehir Stad\u0131&#8217;nda oynanan ma\u00e7\u0131n akabinde d\u00fczenlenen bas\u0131n toplant\u0131s\u0131nda a\u00e7\u0131klamada bulundu.<\/p>\n<p> Eksik oyuncular\u0131na kar\u015f\u0131n ma\u00e7a berbat bir ba\u015flang\u0131\u00e7 yapmad\u0131klar\u0131n\u0131 s\u00f6z eden Kele\u015f,<strong> &#8220;Yedi\u011fimiz gol, moralimizi bozdu. Konyaspor fark\u0131 da a\u00e7abilirdi. Fakat devre ortas\u0131nda buna bir reaksiyon vermemiz gerekti\u011fini kararla\u015ft\u0131rd\u0131k. &#8220;d<\/strong>edi.<\/p>\n<p> Kele\u015f, geriden gelerek 3-3&#8217;\u00fc yakalaman\u0131n mutlu edici oldu\u011funu aktard\u0131.<\/p>\n<p> Keyifli bir ma\u00e7 oldu\u011funu lisana getiren Kele\u015f,<strong> &#8220;Eksiklerimize kar\u015f\u0131n Konya deplasman\u0131ndan al\u0131nan 1 puan bizim i\u00e7in k\u0131ymetli. \u00d6n\u00fcm\u00fczde Hatayspor ve Adana Demirspor ma\u00e7lar\u0131m\u0131z var. Oradan alaca\u011f\u0131m\u0131z puanlarla gayemiz \u00fcst s\u0131ralar.&#8221;<\/strong> diye konu\u015ftu.<\/p>\n<\/div>\n","protected":false},"excerpt":{"rendered":"<p>Kas\u0131mpa\u015fa Teknik Y\u00f6neticisi Hakan Kele\u015f, Konyaspor ma\u00e7\u0131 sonras\u0131 konu\u015ftu.<\/p>\n","protected":false},"author":1,"featured_media":7502,"comment_status":"open","ping_status":"open","sticky":false,"template":"","format":"standard","meta":{"footnotes":""},"categories":[25],"tags":[961],"class_list":["post-7501","post","type-post","status-publish","format-standard","has-post-thumbnail","hentry","category-futbol","tag-keles"],"_links":{"self":[{"href":"https:\/\/haberbesiktas.tr\/index.php?rest_route=\/wp\/v2\/posts\/7501","targetHints":{"allow":["GET"]}}],"collection":[{"href":"https:\/\/haberbesiktas.tr\/index.php?rest_route=\/wp\/v2\/posts"}],"about":[{"href":"https:\/\/haberbesiktas.tr\/index.php?rest_route=\/wp\/v2\/types\/post"}],"author":[{"embeddable":true,"href":"https:\/\/haberbesiktas.tr\/index.php?rest_route=\/wp\/v2\/users\/1"}],"replies":[{"embeddable":true,"href":"https:\/\/haberbesiktas.tr\/index.php?rest_route=%2Fwp%2Fv2%2Fcomments&post=7501"}],"version-history":[{"count":1,"href":"https:\/\/haberbesiktas.tr\/index.php?rest_route=\/wp\/v2\/posts\/7501\/revisions"}],"predecessor-version":[{"id":7503,"href":"https:\/\/haberbesiktas.tr\/index.php?rest_route=\/wp\/v2\/posts\/7501\/revisions\/7503"}],"wp:featuredmedia":[{"embeddable":true,"href":"https:\/\/haberbesiktas.tr\/index.php?rest_route=\/wp\/v2\/media\/7502"}],"wp:attachment":[{"href":"https:\/\/haberbesiktas.tr\/index.php?rest_route=%2Fwp%2Fv2%2Fmedia&parent=7501"}],"wp:term":[{"taxonomy":"category","embeddable":true,"href":"https:\/\/haberbesiktas.tr\/index.php?rest_route=%2Fwp%2Fv2%2Fcategories&post=7501"},{"taxonomy":"post_tag","embeddable":true,"href":"https:\/\/haberbesiktas.tr\/index.php?rest_route=%2Fwp%2Fv2%2Ftags&post=7501"}],"curies":[{"name":"wp","href":"https:\/\/api.w.org\/{rel}","templated":true}]}}