{"id":7504,"date":"2025-02-09T18:12:05","date_gmt":"2025-02-09T18:12:05","guid":{"rendered":"https:\/\/haberbesiktas.tr\/?p=7504"},"modified":"2025-02-09T18:12:05","modified_gmt":"2025-02-09T18:12:05","slug":"recep-ucar-olmadi-inanin-cok-uzgunum","status":"publish","type":"post","link":"https:\/\/haberbesiktas.tr\/?p=7504","title":{"rendered":"Recep U\u00e7ar: &#8220;Olmad\u0131, inan\u0131n \u00e7ok \u00fczg\u00fcn\u00fcm&#8221;"},"content":{"rendered":"<div>Trendyol \u00dcst\u00fcn Lig&#8217;in 20. haftas\u0131nda konuk etti\u011fi Kas\u0131mpa\u015fa ile 3-3 berabere kalan T\u00dcMOSAN Konyaspor&#8217;un teknik y\u00f6neticisi Recep U\u00e7ar, uygun oynad\u0131klar\u0131 ma\u00e7\u0131 kazanamad\u0131klar\u0131 i\u00e7in \u00fczg\u00fcn oldu\u011funu s\u00f6yledi.<\/p>\n<p> U\u00e7ar, MEDA\u015e Konya B\u00fcy\u00fck\u015fehir Stadyumu&#8217;nda oynanan ma\u00e7\u0131n akabinde d\u00fczenlenen bas\u0131n toplant\u0131s\u0131nda a\u00e7\u0131klamada bulundu.<\/p>\n<p> Taraftarlar\u0131 \u00f6n\u00fcnde kazanmay\u0131 \u00e7ok istediklerini s\u00f6z eden U\u00e7ar, &#8220;\u0130kinci yar\u0131n\u0131n birinci m\u00fcsabakas\u0131, milat olarak ald\u0131\u011f\u0131m\u0131z bir ma\u00e7t\u0131. Kazanmay\u0131 istiyorduk ve o do\u011frultuda haz\u0131rland\u0131k.&#8221; dedi.<\/p>\n<p> U\u00e7ar, g\u00fczel oynay\u0131p uygun u\u011fra\u015f ettikleri ma\u00e7\u0131 kazanamad\u0131klar\u0131n\u0131 ve ki\u015fisel yanl\u0131\u015flar yapt\u0131klar\u0131n\u0131 vurgulayarak, &#8220;Ma\u00e7a \u00e7ok co\u015fkulu ba\u015flad\u0131k. Kramer ile 1-0 \u00f6ne ge\u00e7iyoruz, sonras\u0131nda da bask\u0131l\u0131 oynuyoruz. Ma\u00e7taki dilek istek ho\u015f, konumlar da \u00fcretiyoruz, lakin kazanam\u0131yoruz. \u0130nan\u0131n \u00e7ok \u00fczg\u00fcn\u00fcm. Oyuncular\u0131m istedi\u011fim \u015feyleri sonuna kadar yapmaya \u00e7al\u0131\u015ft\u0131. Konyaspor&#8217;un \u00f6n\u00fcm\u00fczdeki haftalarda g\u00fczel sonu\u00e7lar alaca\u011f\u0131n\u0131 d\u00fc\u015f\u00fcn\u00fcyorum.&#8221; bi\u00e7iminde konu\u015ftu.<\/p>\n<\/div>\n","protected":false},"excerpt":{"rendered":"<p>Kas\u0131mpa\u015fa ile 3-3 berabere kalan T\u00dcMOSAN Konyaspor&#8217;un teknik y\u00f6neticisi Recep U\u00e7ar, a\u00e7\u0131klamalarda bulundu.<\/p>\n","protected":false},"author":1,"featured_media":7505,"comment_status":"open","ping_status":"open","sticky":false,"template":"","format":"standard","meta":{"footnotes":""},"categories":[25],"tags":[],"class_list":["post-7504","post","type-post","status-publish","format-standard","has-post-thumbnail","hentry","category-futbol"],"_links":{"self":[{"href":"https:\/\/haberbesiktas.tr\/index.php?rest_route=\/wp\/v2\/posts\/7504","targetHints":{"allow":["GET"]}}],"collection":[{"href":"https:\/\/haberbesiktas.tr\/index.php?rest_route=\/wp\/v2\/posts"}],"about":[{"href":"https:\/\/haberbesiktas.tr\/index.php?rest_route=\/wp\/v2\/types\/post"}],"author":[{"embeddable":true,"href":"https:\/\/haberbesiktas.tr\/index.php?rest_route=\/wp\/v2\/users\/1"}],"replies":[{"embeddable":true,"href":"https:\/\/haberbesiktas.tr\/index.php?rest_route=%2Fwp%2Fv2%2Fcomments&post=7504"}],"version-history":[{"count":1,"href":"https:\/\/haberbesiktas.tr\/index.php?rest_route=\/wp\/v2\/posts\/7504\/revisions"}],"predecessor-version":[{"id":7506,"href":"https:\/\/haberbesiktas.tr\/index.php?rest_route=\/wp\/v2\/posts\/7504\/revisions\/7506"}],"wp:featuredmedia":[{"embeddable":true,"href":"https:\/\/haberbesiktas.tr\/index.php?rest_route=\/wp\/v2\/media\/7505"}],"wp:attachment":[{"href":"https:\/\/haberbesiktas.tr\/index.php?rest_route=%2Fwp%2Fv2%2Fmedia&parent=7504"}],"wp:term":[{"taxonomy":"category","embeddable":true,"href":"https:\/\/haberbesiktas.tr\/index.php?rest_route=%2Fwp%2Fv2%2Fcategories&post=7504"},{"taxonomy":"post_tag","embeddable":true,"href":"https:\/\/haberbesiktas.tr\/index.php?rest_route=%2Fwp%2Fv2%2Ftags&post=7504"}],"curies":[{"name":"wp","href":"https:\/\/api.w.org\/{rel}","templated":true}]}}